{"id":26425,"date":"2018-06-18T19:01:55","date_gmt":"2018-06-18T22:01:55","guid":{"rendered":"http:\/\/www.almargenweb.com.ar\/web\/?p=26425"},"modified":"2018-06-18T19:01:55","modified_gmt":"2018-06-18T22:01:55","slug":"cronograma-de-pago-de-la-primera-cuota-del-aguinaldo","status":"publish","type":"post","link":"https:\/\/www.almargenweb.com.ar\/web\/cronograma-de-pago-de-la-primera-cuota-del-aguinaldo\/","title":{"rendered":"CRONOGRAMA DE PAGO DE LA PRIMERA CUOTA DEL AGUINALDO"},"content":{"rendered":"<p>El Ministerio de Econom\u00eda de la provincia de Santa Fe informa que el pr\u00f3ximo lunes 25 de junio se abonar\u00e1 a todos los empleados activos y pasivos de la provincia, la primera cuota del Sueldo Anual Complementario. Los haberes estar\u00e1n disponibles en los cajeros autom\u00e1ticos de la Red Link, a partir del s\u00e1bado 23 de junio.<\/p>\n<p>En caso de producirse la adhesi\u00f3n por parte de las entidades bancarias al paro anunciado para el lunes 25 de junio, los haberes estar\u00e1n disponibles el s\u00e1bado 23 de junio en los cajeros de la Red Link y el martes 26 de junio para su cobro por ventanilla.<\/p>\n<!-- AddThis Advanced Settings generic via filter on the_content --><!-- AddThis Share Buttons generic via filter on the_content -->","protected":false},"excerpt":{"rendered":"<p>El Ministerio de Econom\u00eda de la provincia de Santa Fe informa que el pr\u00f3ximo lunes 25 [&hellip;]<!-- AddThis Advanced Settings generic via filter on get_the_excerpt --><!-- AddThis Share Buttons generic via filter on get_the_excerpt --><\/p>\n","protected":false},"author":13,"featured_media":26426,"comment_status":"open","ping_status":"open","sticky":false,"template":"","format":"standard","meta":{"_seopress_robots_primary_cat":"","_seopress_titles_title":"","_seopress_titles_desc":"","_seopress_robots_index":"","_themeisle_gutenberg_block_has_review":false,"footnotes":""},"categories":[2,48],"tags":[],"class_list":["post-26425","post","type-post","status-publish","format-standard","has-post-thumbnail","hentry","category-actualidad","category-provinciales"],"_links":{"self":[{"href":"https:\/\/www.almargenweb.com.ar\/web\/wp-json\/wp\/v2\/posts\/26425","targetHints":{"allow":["GET"]}}],"collection":[{"href":"https:\/\/www.almargenweb.com.ar\/web\/wp-json\/wp\/v2\/posts"}],"about":[{"href":"https:\/\/www.almargenweb.com.ar\/web\/wp-json\/wp\/v2\/types\/post"}],"author":[{"embeddable":true,"href":"https:\/\/www.almargenweb.com.ar\/web\/wp-json\/wp\/v2\/users\/13"}],"replies":[{"embeddable":true,"href":"https:\/\/www.almargenweb.com.ar\/web\/wp-json\/wp\/v2\/comments?post=26425"}],"version-history":[{"count":1,"href":"https:\/\/www.almargenweb.com.ar\/web\/wp-json\/wp\/v2\/posts\/26425\/revisions"}],"predecessor-version":[{"id":26427,"href":"https:\/\/www.almargenweb.com.ar\/web\/wp-json\/wp\/v2\/posts\/26425\/revisions\/26427"}],"wp:featuredmedia":[{"embeddable":true,"href":"https:\/\/www.almargenweb.com.ar\/web\/wp-json\/wp\/v2\/media\/26426"}],"wp:attachment":[{"href":"https:\/\/www.almargenweb.com.ar\/web\/wp-json\/wp\/v2\/media?parent=26425"}],"wp:term":[{"taxonomy":"category","embeddable":true,"href":"https:\/\/www.almargenweb.com.ar\/web\/wp-json\/wp\/v2\/categories?post=26425"},{"taxonomy":"post_tag","embeddable":true,"href":"https:\/\/www.almargenweb.com.ar\/web\/wp-json\/wp\/v2\/tags?post=26425"}],"curies":[{"name":"wp","href":"https:\/\/api.w.org\/{rel}","templated":true}]}}