{"id":26421,"date":"2018-06-18T19:00:20","date_gmt":"2018-06-18T22:00:20","guid":{"rendered":"http:\/\/www.almargenweb.com.ar\/web\/?p=26421"},"modified":"2018-06-18T19:00:20","modified_gmt":"2018-06-18T22:00:20","slug":"santa-fe-propone-a-la-nacion-que-se-pueda-utilizar-el-25-de-biodiesel-en-colectivos-y-el-agro","status":"publish","type":"post","link":"https:\/\/www.almargenweb.com.ar\/web\/santa-fe-propone-a-la-nacion-que-se-pueda-utilizar-el-25-de-biodiesel-en-colectivos-y-el-agro\/","title":{"rendered":"SANTA FE PROPONE A LA NACI\u00d3N QUE SE PUEDA UTILIZAR EL 25% DE BIODIESEL EN COLECTIVOS Y EL AGRO"},"content":{"rendered":"<p>Para la secretaria de Energ\u00eda santafesina se trata\u00a0de \u201cprobar lo que en el campo se sabe hace a\u00f1os\u201d. Una demostraci\u00f3n emp\u00edrica masiva para enfrentar al lobby petrolero.<\/p>\n<p class=\"selectionShareable\">\u201cEs una prueba sin antecedentes por la magnitud de la muestra y porque va a contar con una validaci\u00f3n t\u00e9cnica inobjetable\u201d, anticip\u00f3 la secretaria de Estado de la Energ\u00eda de Santa Fe, Ver\u00f3nica Geese, respecto de la prueba -con 400 colectivos de la ciudad de Rosario- que utilizar\u00e1n una mezcla con 25% de biodi\u00e9sel en sus tanques.<\/p>\n<p class=\"selectionShareable\">\nDurante 6 meses, las empresas Mixta y Semtur llevar\u00e1n a esa proporci\u00f3n el corte, que hoy la ley fija en un 12% \u201cy en realidad no se cumple por completo\u201d, advirti\u00f3 Geese.<\/p>\n<p class=\"selectionShareable\">\n\u201cHay reparos y prejuicios sobre el biodi\u00e9sel, esta prueba quiere despejarlos. Vamos a mostrar con datos estad\u00edsticos y mediciones de todo tipo lo que en el campo se sabe de modo pr\u00e1ctico desde hace a\u00f1os: que el di\u00e9sel puede ser reemplazado incluso en un 100% con biodi\u00e9sel. Hay muchos productores que lo usan en sus maquinarias sin ning\u00fan inconveniente\u201d, record\u00f3.<\/p>\n<p class=\"selectionShareable\">\nSubir la cuota obligatoria de biodi\u00e9sel implica crear una pol\u00edtica nacional de \u201ctriple impacto: social, econ\u00f3mico y ambiental\u201d.<\/p>\n<p class=\"selectionShareable\">\nDetall\u00f3 que \u201cqueremos aumentar el mercado interno para proteger a las empresas productoras de biodi\u00e9sel de los vaivenes del mercado internacional, como ya nos ha pasado con Europa y los Estados Unidos, que recae sobre el precio del aceite y recae en la materia prima y en el productor; son factores que complejizan much\u00edsimo la situaci\u00f3n del campo, lo que limita nuestra potencialidad\u201d, indic\u00f3 tras mencionar que Santa Fe es la primera en biodi\u00e9sel del pa\u00eds.<\/p>\n<p class=\"selectionShareable\">\n\u201cCuanto mayor sea el corte con biodi\u00e9sel menores ser\u00e1n las emisiones de gases de efecto invernadero y de particulado nocivo para la salud. Adem\u00e1s, los empleos verdes de Santa Fe podr\u00edan aumentar\u201d, agreg\u00f3.<\/p>\n<p class=\"selectionShareable\">\n<strong>Prejuicios e\u00a0intereses<\/strong><\/p>\n<p class=\"selectionShareable\">\n\u201cHay tantos actores en el sector, desde la producci\u00f3n de combustibles hasta los fabricantes de veh\u00edculos, pasando por talleres mec\u00e1nicos y usuarios, que nos parece necesario despejar todas las dudas. Queremos demostrar que no hay ning\u00fan inconveniente t\u00e9cnico para aumentar el corte de biodi\u00e9sel en el di\u00e9sel. Cada vez que planteamos subir el corte para el combustible verde tenemos respuestas vagas, imprecisas, que se basan en un supuesto inconveniente t\u00e9cnico&#8230; Vamos a demostrar que es posible\u201d, dijo la funcionaria.<\/p>\n<p class=\"selectionShareable\">\n\u201cCon esta validaci\u00f3n va a ser mucho m\u00e1s f\u00e1cil sentarse en una mesa con el gobierno nacional y las otras partes para llegar a una estrategia nacional que es lo que nos est\u00e1 faltando en biocombustibles y sobre todo para el biodi\u00e9sel. Un corte al 25% significa importar menos di\u00e9sel y tener una industria que exporta biodi\u00e9sel en mejores condiciones, al asegurarle un mercado interno estable\u201d.<\/p>\n<p class=\"selectionShareable\">\n<strong>En Buenos Aires<\/strong><\/p>\n<p class=\"selectionShareable\">\nEl 19 de junio, el gobernador Miguel Lifschitz encabezar\u00e1 la firma del convenio marco con representantes de la Municipalidad de Rosario, de la C\u00e1mara Argentina de Biocombustibles (Carbio), de la C\u00e1mara Argentina de Empresas Regionales Elaboradoras de Biocombustible (Cepreb), de la consultora ALG y de la empresa Shell. El acto comenzar\u00e1, a las 13, en el predio de La Rural en la Ciudad Aut\u00f3noma de Buenos Aires.<\/p>\n<p class=\"selectionShareable\">\n\u201cEs posible hacer esta prueba -dijo Geese- porque la Municipalidad de Rosario tiene 400 buses de flota p\u00fablica, en dos empresas, y vamos a tener tres unidades que funcionar\u00e1n al 100% con biodiesel. La Consultora ALG de Alberto Garibaldi (de Autot\u00e9cnica) cuenta con un alto prestigio en el sector y ha llevado adelante una prueba similar -con una muestra m\u00e1s peque\u00f1a- en Uruguay, con otro corte. Vamos a trabajar con las dos grandes C\u00e1maras de biodi\u00e9sel y ellos tambi\u00e9n van a contratar una auditor\u00eda para aprovechar esta experiencia\u201d.<\/p>\n<p class=\"selectionShareable\">\n<p class=\"selectionShareable\"><strong>\u201cLos argentinos subsidiamos al petr\u00f3leo\u201d<\/strong><\/p>\n<p class=\"selectionShareable\">\n<strong>\u2014\u00bfPor qu\u00e9 para Santa Fe es tan importante elevar el corte de biodi\u00e9sel del 12 al 25%?<\/strong><\/p>\n<p class=\"selectionShareable\">\n\u2014Para nosotros es clave. Y en nuestra gesti\u00f3n este proyecto es uno de los m\u00e1s importantes de este a\u00f1o. Lo venimos planteado desde hace dos a\u00f1os al gobierno nacional y con el ex ministro Juan Jos\u00e9 Aranguren hab\u00edamos logrado formar una mesa de an\u00e1lisis de estos temas que, con las urgencias de las tarifas y otros problemas, lamentablemente nunca se puso en marcha en nuestro pa\u00eds. Esperemos que el pr\u00f3ximo ministro lo haga. Los argentinos necesitamos una pol\u00edtica clara al respecto. Brasil nos lleva 20 a\u00f1os en este tema, y desde hace diez ellos avanzan en biocombustibles para su aviaci\u00f3n, eso les abrir\u00eda un mercado important\u00edsimo.<\/p>\n<p class=\"selectionShareable\">\n<strong>\u2014Santa Fe cuenta desde hace a\u00f1os con una legislaci\u00f3n especial, con exenciones impositivas para promover el biodi\u00e9sel.<\/strong><\/p>\n<p class=\"selectionShareable\">\n\u2014La 12.692, es la misma ley que promueve todas las energ\u00edas renovables, los biocombustibles. Es una norma (de 2006) que tiene la virtud de definir pol\u00edticas de Estado, se hizo pensando a futuro. No hab\u00eda por entonces un desarrollo del sector tan importante. Lo mismo la legislaci\u00f3n nacional que obliga a un corte del 12%, que no se cumple, pero que tiene la virtud de darle la prioridad a las empresas peque\u00f1as y medianas del sector. Las excenciones impositivas fueron una se\u00f1al muy clara para esta industria y los resultados est\u00e1n a la vista.<\/p>\n<p class=\"selectionShareable\">\n<strong>\u2014\u00bfHay una capacidad ociosa en las empresas productoras de biodi\u00e9sel de Santa Fe?<\/strong><\/p>\n<p class=\"selectionShareable\">\n\u2014S\u00ed. Sobre todo en las grandes empresas exportadoras por la p\u00e9rdida de mercados externos. Y en las peque\u00f1as y medianas por idas y vueltas con el precio, que est\u00e1 regulado en el mercado interno. Hubo empresas que postergaron sus planes de inversi\u00f3n y expansi\u00f3n a la espera de definiciones sobre el mercado argentino de combustibles.<\/p>\n<p class=\"selectionShareable\">\nEn Santa Fe nos interesa especialmente su desarrollo, porque es eventualmente el \u00faltimo paso al agregarle valor a esta materia prima que producimos en la provincia. Es un c\u00edrculo perfecto y si queda toda esta actividad dentro de Argentina, mejor a\u00fan.<\/p>\n<p class=\"selectionShareable\">\n<strong>\u2014\u00bfPor qu\u00e9 \u201ceventualmente\u201d?<\/strong><\/p>\n<p class=\"selectionShareable\">\n\u2014Porque hay un desarrollo en los biopl\u00e1sticos que todav\u00eda no hemos explorado y que puede generar una explosi\u00f3n de productos como antes ocurri\u00f3 con las bioenerg\u00edas.<\/p>\n<p class=\"selectionShareable\">\n<strong>\u2014El cuidado del medio ambiente es un aliado para la buena imagen del biodi\u00e9sel ante la sociedad&#8230; Lo m\u00e1s dif\u00edcil ser\u00e1 convencer al sector petrolero, que tiene mucho que perder.<\/strong><\/p>\n<p class=\"selectionShareable\">\n\u2014S\u00ed, seguramente, pero tampoco es un sector que sea excesivamente conservador, al menos a nivel internacional. En el mundo, ya se ha comprendido que la presi\u00f3n social en favor del medio ambiente obliga a cambiar, y que no se podr\u00e1 seguir apostando s\u00f3lo a las energ\u00edas f\u00f3siles. En nuestro pa\u00eds, los que lo vean a tiempo intentar\u00e1n aportar a estos nuevos desarrollos para una matriz energ\u00e9tica diversificada, y los que no seguramente tratar\u00e1n de sobrevivir y de seguir entorpeciendo&#8230; hasta que la realidad se los lleve por delante. M\u00e1s tarde o m\u00e1s temprano, va a suceder<\/p>\n<p class=\"selectionShareable\">\nUno puede pensarlo en el sentido m\u00e1s rom\u00e1ntico en favor del ambiente y de nuestra salud. Pero tambi\u00e9n en t\u00e9rminos pr\u00e1cticos y econ\u00f3micos las energ\u00edas verdes se van a imponer.<\/p>\n<p class=\"selectionShareable\">\n<strong>\u2014El petrolero es un sector con poder.<\/strong><\/p>\n<p class=\"selectionShareable\">\n\u2014S\u00ed, pero esto no tiene retorno. Cuando las sociedades avanzan y resuelven sus temas econ\u00f3micos m\u00e1s urgentes de inmediato revisan su calidad de vida y eso tiene directa relaci\u00f3n con el ambiente.<\/p>\n<p class=\"selectionShareable\">\n<strong>\u2014Cuando carguemos el tanque con 25% de biodi\u00e9sel en lugar de 12%, \u00bfvamos a tener los usuarios por fin un ahorro?<\/strong><\/p>\n<p class=\"selectionShareable\">\n\u2014En este momento, significar\u00eda un peque\u00f1o ahorro.<\/p>\n<p class=\"selectionShareable\">\n<strong>&#8211; Los voceros de la industria petrolera a viva voz reclaman aumentar en un tercio los combustibles.<\/strong><\/p>\n<p class=\"selectionShareable\">\n\u2014Por eso, depende de muchas cuestiones, no s\u00f3lo es importante por el valor del bio frente al valor del combustible que reemplaza. M\u00e1s all\u00e1 de esa cuesti\u00f3n, lo que tenemos que ver los usuarios es que desde hace m\u00e1s de 100 a\u00f1os los argentinos estamos subsidiando la industria petrolera, en sus diversas variantes. Hay casos en los que est\u00e1 muy bien, por ejemplo, Vaca Muerta porque necesitamos ese gas. Pero no veo por qu\u00e9 subsidiar un tipo de energ\u00eda (la petrolera) y no subsidiar a otras. Hoy el biodi\u00e9sel est\u00e1 bien con sus precios, pero lo l\u00f3gico es que el Estado busque apoyar las energ\u00edas verdes, con subsidios si hiciera falta, o con pol\u00edticas m\u00e1s activas.<\/p>\n<p>&nbsp;<\/p>\n<p>&nbsp;<\/p>\n<p>&nbsp;<\/p>\n<p>Fuente: El Litoral.<\/p>\n<!-- AddThis Advanced Settings generic via filter on the_content --><!-- AddThis Share Buttons generic via filter on the_content -->","protected":false},"excerpt":{"rendered":"<p>Para la secretaria de Energ\u00eda santafesina se trata\u00a0de \u201cprobar lo que en el campo se sabe [&hellip;]<!-- AddThis Advanced Settings generic via filter on get_the_excerpt --><!-- AddThis Share Buttons generic via filter on get_the_excerpt --><\/p>\n","protected":false},"author":13,"featured_media":26422,"comment_status":"open","ping_status":"open","sticky":false,"template":"","format":"standard","meta":{"_seopress_robots_primary_cat":"","_seopress_titles_title":"","_seopress_titles_desc":"","_seopress_robots_index":"","_themeisle_gutenberg_block_has_review":false,"footnotes":""},"categories":[48],"tags":[],"class_list":["post-26421","post","type-post","status-publish","format-standard","has-post-thumbnail","hentry","category-provinciales"],"_links":{"self":[{"href":"https:\/\/www.almargenweb.com.ar\/web\/wp-json\/wp\/v2\/posts\/26421","targetHints":{"allow":["GET"]}}],"collection":[{"href":"https:\/\/www.almargenweb.com.ar\/web\/wp-json\/wp\/v2\/posts"}],"about":[{"href":"https:\/\/www.almargenweb.com.ar\/web\/wp-json\/wp\/v2\/types\/post"}],"author":[{"embeddable":true,"href":"https:\/\/www.almargenweb.com.ar\/web\/wp-json\/wp\/v2\/users\/13"}],"replies":[{"embeddable":true,"href":"https:\/\/www.almargenweb.com.ar\/web\/wp-json\/wp\/v2\/comments?post=26421"}],"version-history":[{"count":2,"href":"https:\/\/www.almargenweb.com.ar\/web\/wp-json\/wp\/v2\/posts\/26421\/revisions"}],"predecessor-version":[{"id":26424,"href":"https:\/\/www.almargenweb.com.ar\/web\/wp-json\/wp\/v2\/posts\/26421\/revisions\/26424"}],"wp:featuredmedia":[{"embeddable":true,"href":"https:\/\/www.almargenweb.com.ar\/web\/wp-json\/wp\/v2\/media\/26422"}],"wp:attachment":[{"href":"https:\/\/www.almargenweb.com.ar\/web\/wp-json\/wp\/v2\/media?parent=26421"}],"wp:term":[{"taxonomy":"category","embeddable":true,"href":"https:\/\/www.almargenweb.com.ar\/web\/wp-json\/wp\/v2\/categories?post=26421"},{"taxonomy":"post_tag","embeddable":true,"href":"https:\/\/www.almargenweb.com.ar\/web\/wp-json\/wp\/v2\/tags?post=26421"}],"curies":[{"name":"wp","href":"https:\/\/api.w.org\/{rel}","templated":true}]}}