{"id":26403,"date":"2018-06-18T09:54:25","date_gmt":"2018-06-18T12:54:25","guid":{"rendered":"http:\/\/www.almargenweb.com.ar\/web\/?p=26403"},"modified":"2018-06-18T09:54:25","modified_gmt":"2018-06-18T12:54:25","slug":"en-santa-fe-el-dolar-abre-a-2940","status":"publish","type":"post","link":"https:\/\/www.almargenweb.com.ar\/web\/en-santa-fe-el-dolar-abre-a-2940\/","title":{"rendered":"EN SANTA FE EL DOLAR ABRE A $29,40"},"content":{"rendered":"<p>El d\u00f3lar vuelve a dar que hablar y este lunes abri\u00f3 en las casas de cambio de Santa Fe a 29,40 pesos para la venta y 27,90 para la compra. Mientras tanto, en Buenos Aires, tambi\u00e9n contin\u00faa la alza.<\/p>\n<div>Cabe destacar que el pasado jueves, cuando la divisa hab\u00eda alcanzado una marca r\u00e9cord de 28,70 pesos para la venta y 27,20 pesos para la compra, en el marco del paro de camioneros junto con el de transporte de caudales, que afectaban la circulaci\u00f3n de billetes, una casa de cambio local hab\u00edan decidido &#8220;discontinuar la operatoria hasta que el mercado se tranquilice&#8221;, escudada en que esperaban que se frenen las especulaciones.<\/div>\n<div><\/div>\n<div>\n<div><\/div>\n<div>&#8220;La mejor opci\u00f3n es esperar a que haya un mercado m\u00e1s transparente&#8221;, hab\u00edan afirmado desde el local de cambio de divisas ubicado en calle Tucum\u00e1n, a 50 metros de la peatonal San Mart\u00edn.<\/div>\n<\/div>\n<!-- AddThis Advanced Settings generic via filter on the_content --><!-- AddThis Share Buttons generic via filter on the_content -->","protected":false},"excerpt":{"rendered":"<p>El d\u00f3lar vuelve a dar que hablar y este lunes abri\u00f3 en las casas de cambio [&hellip;]<!-- AddThis Advanced Settings generic via filter on get_the_excerpt --><!-- AddThis Share Buttons generic via filter on get_the_excerpt --><\/p>\n","protected":false},"author":13,"featured_media":26404,"comment_status":"open","ping_status":"open","sticky":false,"template":"","format":"standard","meta":{"_seopress_robots_primary_cat":"","_seopress_titles_title":"","_seopress_titles_desc":"","_seopress_robots_index":"","_themeisle_gutenberg_block_has_review":false,"footnotes":""},"categories":[2,5,48],"tags":[],"class_list":["post-26403","post","type-post","status-publish","format-standard","has-post-thumbnail","hentry","category-actualidad","category-economia","category-provinciales"],"_links":{"self":[{"href":"https:\/\/www.almargenweb.com.ar\/web\/wp-json\/wp\/v2\/posts\/26403","targetHints":{"allow":["GET"]}}],"collection":[{"href":"https:\/\/www.almargenweb.com.ar\/web\/wp-json\/wp\/v2\/posts"}],"about":[{"href":"https:\/\/www.almargenweb.com.ar\/web\/wp-json\/wp\/v2\/types\/post"}],"author":[{"embeddable":true,"href":"https:\/\/www.almargenweb.com.ar\/web\/wp-json\/wp\/v2\/users\/13"}],"replies":[{"embeddable":true,"href":"https:\/\/www.almargenweb.com.ar\/web\/wp-json\/wp\/v2\/comments?post=26403"}],"version-history":[{"count":2,"href":"https:\/\/www.almargenweb.com.ar\/web\/wp-json\/wp\/v2\/posts\/26403\/revisions"}],"predecessor-version":[{"id":26406,"href":"https:\/\/www.almargenweb.com.ar\/web\/wp-json\/wp\/v2\/posts\/26403\/revisions\/26406"}],"wp:featuredmedia":[{"embeddable":true,"href":"https:\/\/www.almargenweb.com.ar\/web\/wp-json\/wp\/v2\/media\/26404"}],"wp:attachment":[{"href":"https:\/\/www.almargenweb.com.ar\/web\/wp-json\/wp\/v2\/media?parent=26403"}],"wp:term":[{"taxonomy":"category","embeddable":true,"href":"https:\/\/www.almargenweb.com.ar\/web\/wp-json\/wp\/v2\/categories?post=26403"},{"taxonomy":"post_tag","embeddable":true,"href":"https:\/\/www.almargenweb.com.ar\/web\/wp-json\/wp\/v2\/tags?post=26403"}],"curies":[{"name":"wp","href":"https:\/\/api.w.org\/{rel}","templated":true}]}}