{"id":26393,"date":"2018-06-15T09:47:37","date_gmt":"2018-06-15T12:47:37","guid":{"rendered":"http:\/\/www.almargenweb.com.ar\/web\/?p=26393"},"modified":"2018-06-15T09:47:37","modified_gmt":"2018-06-15T12:47:37","slug":"se-presento-oficialmente-el-partido-de-rugby-entre-los-pumas-y-gales","status":"publish","type":"post","link":"https:\/\/www.almargenweb.com.ar\/web\/se-presento-oficialmente-el-partido-de-rugby-entre-los-pumas-y-gales\/","title":{"rendered":"SE PRESENTO OFICIALMENTE EL PARTIDO DE RUGBY ENTRE LOS PUMAS Y GALES"},"content":{"rendered":"<div class=\"entry\">\n<p>El vicegobernador Carlos Fascendini y el ministro de Gobierno y Reforma del Estado, Pablo Far\u00edas, participaron este jueves de la presentaci\u00f3n oficial del partido de rugby entre Los Pumas y Gales. Dicho evento deportivo tendr\u00e1 lugar este s\u00e1bado, a partir de las 16:40, en el Estadio del Club Atl\u00e9tico Col\u00f3n.<\/p>\n<p>En la oportunidad, Fascendini asegur\u00f3 que \u201cen los tres a\u00f1os de gesti\u00f3n que llevamos en la provincia de Santa Fe, ha estado presente el equipo de Los Pumas, aqu\u00ed en la capital de la provincia, para disputar important\u00edsimos partidos de orden internacional; primero fue Italia, segundo fue Inglaterra, y hoy tenemos el honor de recibir a Gales. Esperemos que, como siempre, como se ha hecho tradici\u00f3n, sea esta una gran fiesta deportiva y una gran ventana tambi\u00e9n, para mostrarnos al pa\u00eds, al mundo\u201d.<\/p>\n<p>Por \u00faltimo, Fascendini agradeci\u00f3 a los organizadores de este \u201cevento que para nosotros es de car\u00e1cter excepcional. La provincia de Santa Fe, desde el gobierno de Miguel Lifschitz, tiene una gran apuesta hacia el deporte. Por eso todos los deportes que podemos promocionar y apoyar, lo hacemos, pero eso no ser\u00eda posible si no tuvi\u00e9ramos tambi\u00e9n el material y la gente dispuesta, y las organizaciones locales que pueden llevar adelante un evento de esta magnitud\u201d.<\/p>\n<p>Por su parte, el presidente de la Uni\u00f3n Santafesina de Rugby, Esteban Fainberg, afirm\u00f3 que &#8220;este es un evento que lo esperamos durante meses. Por eso quiero felicitar a todos los clubes que integran la Uni\u00f3n Santafesina por el compromiso con el que han abordado este evento. El trabajo de todos ha sido muy importante. Gracias al gobierno de la provincia de Santa Fe porque siempre nos acompa\u00f1a en estos eventos&#8221;.<\/p>\n<p>En tanto, el miembro del Consejo Directivo de la Uni\u00f3n Argentina de Rugby, Jorge Bruzzone, agradeci\u00f3 al \u201cgobierno de la provincia y de la ciudad\u201d y destac\u00f3 que \u201ccomo todos los a\u00f1os la Uni\u00f3n refrenda su visi\u00f3n Federal y volvemos a jugar en el interior del pa\u00eds. Esto es un pol\u00edtica que mantiene, porque nos parece que es una decisi\u00f3n que le hace bien a todo el pa\u00eds\u201d.<\/p>\n<p>Por otro lado, la secretaria de Desarrollo Estrat\u00e9gico y Resiliencia de la Municipalidad de Santa Fe, Andrea Valsagna, dio la bienvenida a las delegaciones y se\u00f1al\u00f3 que \u201chace tras a\u00f1os que Los Pumas encuentran en el mes de junio en Santa Fe su lugar para competir. Esto hable de c\u00f3mo la ciudad ha crecido como sede de eventos y de encuentros deportivos de nivel internacional\u201d. Por \u00faltimo, destac\u00f3 el trabajo \u201cconjunto entre el sector p\u00fablico y privado, entendiendo que la ciudad crece cuando trabajamos de manera mancomunada, logrando que eventos de esta categor\u00eda nos instale en la vidriera nacional y la gente pueda elegir Santa Fe para disfrutar\u201d.<\/p>\n<p><strong>PRESENTES<\/strong><br \/>\nDurante la presentaci\u00f3n del evento, llevada a cabo en el Patio de la Cervecer\u00eda Santa Fe de la capital provincial, estuvieron presentes el capit\u00e1n y el entrenador de Los Pumas, Agust\u00edn Creevy y Daniel Hourcade;\u00a0 el entrenador de defensa de la selecci\u00f3n y el jugador de Gales, John Edward y Hadleigh Parkes, y el presidente de la Uni\u00f3n Galesa de Rugby, Garrett Davis; entre otras autoridades.<\/p>\n<p>&nbsp;<\/p>\n<\/div>\n<!-- AddThis Advanced Settings generic via filter on the_content --><!-- AddThis Share Buttons generic via filter on the_content -->","protected":false},"excerpt":{"rendered":"<p>El vicegobernador Carlos Fascendini y el ministro de Gobierno y Reforma del Estado, Pablo Far\u00edas, participaron [&hellip;]<!-- AddThis Advanced Settings generic via filter on get_the_excerpt --><!-- AddThis Share Buttons generic via filter on get_the_excerpt --><\/p>\n","protected":false},"author":13,"featured_media":26394,"comment_status":"open","ping_status":"open","sticky":false,"template":"","format":"standard","meta":{"_seopress_robots_primary_cat":"","_seopress_titles_title":"","_seopress_titles_desc":"","_seopress_robots_index":"","_themeisle_gutenberg_block_has_review":false,"footnotes":""},"categories":[2,48],"tags":[],"class_list":["post-26393","post","type-post","status-publish","format-standard","has-post-thumbnail","hentry","category-actualidad","category-provinciales"],"_links":{"self":[{"href":"https:\/\/www.almargenweb.com.ar\/web\/wp-json\/wp\/v2\/posts\/26393","targetHints":{"allow":["GET"]}}],"collection":[{"href":"https:\/\/www.almargenweb.com.ar\/web\/wp-json\/wp\/v2\/posts"}],"about":[{"href":"https:\/\/www.almargenweb.com.ar\/web\/wp-json\/wp\/v2\/types\/post"}],"author":[{"embeddable":true,"href":"https:\/\/www.almargenweb.com.ar\/web\/wp-json\/wp\/v2\/users\/13"}],"replies":[{"embeddable":true,"href":"https:\/\/www.almargenweb.com.ar\/web\/wp-json\/wp\/v2\/comments?post=26393"}],"version-history":[{"count":1,"href":"https:\/\/www.almargenweb.com.ar\/web\/wp-json\/wp\/v2\/posts\/26393\/revisions"}],"predecessor-version":[{"id":26395,"href":"https:\/\/www.almargenweb.com.ar\/web\/wp-json\/wp\/v2\/posts\/26393\/revisions\/26395"}],"wp:featuredmedia":[{"embeddable":true,"href":"https:\/\/www.almargenweb.com.ar\/web\/wp-json\/wp\/v2\/media\/26394"}],"wp:attachment":[{"href":"https:\/\/www.almargenweb.com.ar\/web\/wp-json\/wp\/v2\/media?parent=26393"}],"wp:term":[{"taxonomy":"category","embeddable":true,"href":"https:\/\/www.almargenweb.com.ar\/web\/wp-json\/wp\/v2\/categories?post=26393"},{"taxonomy":"post_tag","embeddable":true,"href":"https:\/\/www.almargenweb.com.ar\/web\/wp-json\/wp\/v2\/tags?post=26393"}],"curies":[{"name":"wp","href":"https:\/\/api.w.org\/{rel}","templated":true}]}}