{"id":26390,"date":"2018-06-15T09:41:50","date_gmt":"2018-06-15T12:41:50","guid":{"rendered":"http:\/\/www.almargenweb.com.ar\/web\/?p=26390"},"modified":"2018-06-15T09:41:50","modified_gmt":"2018-06-15T12:41:50","slug":"rodrigo-muller-la-obra-del-retechado-es-una-de-las-mas-importantes-inversiones-que-recibio-el-samco-en-su-historia","status":"publish","type":"post","link":"https:\/\/www.almargenweb.com.ar\/web\/rodrigo-muller-la-obra-del-retechado-es-una-de-las-mas-importantes-inversiones-que-recibio-el-samco-en-su-historia\/","title":{"rendered":"RODRIGO M\u00dcLLER: &#8220;LA OBRA DEL RETECHADO ES UNA DE LAS MAS IMPORTANTES INVERSIONES QUE RECIBI\u00d3 EL SAMCO EN SU HISTORIA&#8221;"},"content":{"rendered":"<p>En una recorrida realizada por Rodrigo M\u00fcller junto al presidente de la cooperadora del SAMCO Miguel Gatti visitaron la obra del retechado que se viene llevando adelante en el Hospital.<\/p>\n<p class=\"western\" align=\"justify\">En una recorrida Rodrigo M\u00fcller y el Presidente de la Cooperadora del Hospital Miguel Gatti realizaron una recorrida por el SAMCO y una visita a las \u00faltimas inversiones que realizo la Cooperadora en el referido centro asistencial.<\/p>\n<p class=\"western\" align=\"justify\">\u201c<i>Tuve oportunidad durante el momento de la presentaci\u00f3n del proyecto de asistir a la cooperadora en la preparaci\u00f3n de la documentaci\u00f3n para que el Ministerio de Obras P\u00fablicas pueda otorgar los fondos\u201d<\/i>. \u201c<i>En tal sentido fue muy gentil que Miguel me explicara los avances de la obra y por supuesto me puse a disposici\u00f3n para realizar la rendici\u00f3n de cuentas y cualesquier otra gesti\u00f3n que necesite la cooperadora que brinda un enorme aporte a la ciudad y a la regi\u00f3n haciendo crecer al Hospital de Esperanza<\/i>\u201d, manifest\u00f3 Rodrigo M\u00fcller.<\/p>\n<p align=\"justify\">\n<!-- AddThis Advanced Settings generic via filter on the_content --><!-- AddThis Share Buttons generic via filter on the_content -->","protected":false},"excerpt":{"rendered":"<p>En una recorrida realizada por Rodrigo M\u00fcller junto al presidente de la cooperadora del SAMCO Miguel [&hellip;]<!-- AddThis Advanced Settings generic via filter on get_the_excerpt --><!-- AddThis Share Buttons generic via filter on get_the_excerpt --><\/p>\n","protected":false},"author":13,"featured_media":26391,"comment_status":"open","ping_status":"open","sticky":false,"template":"","format":"standard","meta":{"_seopress_robots_primary_cat":"","_seopress_titles_title":"","_seopress_titles_desc":"","_seopress_robots_index":"","_themeisle_gutenberg_block_has_review":false,"footnotes":""},"categories":[47,15],"tags":[],"class_list":["post-26390","post","type-post","status-publish","format-standard","has-post-thumbnail","hentry","category-locales","category-salud"],"_links":{"self":[{"href":"https:\/\/www.almargenweb.com.ar\/web\/wp-json\/wp\/v2\/posts\/26390","targetHints":{"allow":["GET"]}}],"collection":[{"href":"https:\/\/www.almargenweb.com.ar\/web\/wp-json\/wp\/v2\/posts"}],"about":[{"href":"https:\/\/www.almargenweb.com.ar\/web\/wp-json\/wp\/v2\/types\/post"}],"author":[{"embeddable":true,"href":"https:\/\/www.almargenweb.com.ar\/web\/wp-json\/wp\/v2\/users\/13"}],"replies":[{"embeddable":true,"href":"https:\/\/www.almargenweb.com.ar\/web\/wp-json\/wp\/v2\/comments?post=26390"}],"version-history":[{"count":1,"href":"https:\/\/www.almargenweb.com.ar\/web\/wp-json\/wp\/v2\/posts\/26390\/revisions"}],"predecessor-version":[{"id":26392,"href":"https:\/\/www.almargenweb.com.ar\/web\/wp-json\/wp\/v2\/posts\/26390\/revisions\/26392"}],"wp:featuredmedia":[{"embeddable":true,"href":"https:\/\/www.almargenweb.com.ar\/web\/wp-json\/wp\/v2\/media\/26391"}],"wp:attachment":[{"href":"https:\/\/www.almargenweb.com.ar\/web\/wp-json\/wp\/v2\/media?parent=26390"}],"wp:term":[{"taxonomy":"category","embeddable":true,"href":"https:\/\/www.almargenweb.com.ar\/web\/wp-json\/wp\/v2\/categories?post=26390"},{"taxonomy":"post_tag","embeddable":true,"href":"https:\/\/www.almargenweb.com.ar\/web\/wp-json\/wp\/v2\/tags?post=26390"}],"curies":[{"name":"wp","href":"https:\/\/api.w.org\/{rel}","templated":true}]}}