{"id":26370,"date":"2018-06-12T20:52:08","date_gmt":"2018-06-12T23:52:08","guid":{"rendered":"http:\/\/www.almargenweb.com.ar\/web\/?p=26370"},"modified":"2018-06-12T20:52:08","modified_gmt":"2018-06-12T23:52:08","slug":"fascendini-en-san-jeronimo-del-sauce","status":"publish","type":"post","link":"https:\/\/www.almargenweb.com.ar\/web\/fascendini-en-san-jeronimo-del-sauce\/","title":{"rendered":"FASCENDINI EN SAN JERONIMO DEL SAUCE"},"content":{"rendered":"<p style=\"font-weight: 400;\"><strong>Entrega de aporte para la construcci\u00f3n de ciclovia<\/strong><\/p>\n<p style=\"font-weight: 400;\">El vicegobernador de la provincia,\u00a0 Carlos Fascendini, acompa\u00f1ado por el ministro de Obras P\u00fablicas, Pedro Morini, presidi\u00f3 en la Comuna de San Jer\u00f3nimo del Sauce, el acto de entrega de un aporte no reintegrable por la suma de 1.861.850 pesos.<\/p>\n<p style=\"font-weight: 400;\">El importe tiene por finalidad la construcci\u00f3n de una ciclovia en la localidad de San Jer\u00f3nimo del Sauce.<\/p>\n<p style=\"font-weight: 400;\">Recibi\u00f3 el aporte el presidente comunal de San Jer\u00f3nimo del Sauce, Daniel R\u00edos y participaron autoridades del departamento Las Colonias, del Ministerio de Obras P\u00fablicas y vecinos de la comunidad.<\/p>\n<p style=\"font-weight: 400;\">\n<p style=\"font-weight: 400;\"><strong>El vicegobernador presidio\u00a0<\/strong><strong>adjudicaci\u00f3n<\/strong><strong>\u00a0de biodigestores para escuelas rurales<\/strong><\/p>\n<p style=\"font-weight: 400;\">Mas tarde el vicegobernador de la provincia, Carlos Fascendini, encabez\u00f3 un acto que tuvo lugar en la Escuela N\u00b0 366 &#8220;Teniente Coronel Nicol\u00e1s Denis&#8221; de la localidad de San Jer\u00f3nimo del Sauce.<\/p>\n<p style=\"font-weight: 400;\">Se trata de la firma de la adjudicaci\u00f3n de 105 biodigestores para las escuelas rurales.<\/p>\n<p style=\"font-weight: 400;\">El acto se enmarca en el Programa de Educaci\u00f3n Energ\u00e9tica, una l\u00ednea de acci\u00f3n del Ministerio de Educaci\u00f3n en conjunto con la Secretar\u00eda de Estado de Energ\u00eda de la provincia .<\/p>\n<p style=\"font-weight: 400;\">El programa prev\u00e9 la incorporaci\u00f3n de sistemas energ\u00e9ticos que posibiliten el uso de energ\u00edas renovables para abastecer servicios generales tales como electrificaci\u00f3n, agua caliente y provisi\u00f3n de biogas en escuelas rurales de la provincia de Santa Fe.<\/p>\n<p style=\"font-weight: 400;\">La empresa adjudicataria de la licitaci\u00f3n es MAYPRE S.A. de la ciudad de San Jorge, Santa Fe.<\/p>\n<p style=\"font-weight: 400;\">Participaron del acto la ministra de Educaci\u00f3n, Claudia Balague, representantes de las comunidades educativas, directivos de la firma adjudicataria y vecinos.<\/p>\n<!-- AddThis Advanced Settings generic via filter on the_content --><!-- AddThis Share Buttons generic via filter on the_content -->","protected":false},"excerpt":{"rendered":"<p>Entrega de aporte para la construcci\u00f3n de ciclovia El vicegobernador de la provincia,\u00a0 Carlos Fascendini, acompa\u00f1ado [&hellip;]<!-- AddThis Advanced Settings generic via filter on get_the_excerpt --><!-- AddThis Share Buttons generic via filter on get_the_excerpt --><\/p>\n","protected":false},"author":13,"featured_media":26371,"comment_status":"open","ping_status":"open","sticky":false,"template":"","format":"standard","meta":{"_seopress_robots_primary_cat":"","_seopress_titles_title":"","_seopress_titles_desc":"","_seopress_robots_index":"","_themeisle_gutenberg_block_has_review":false,"footnotes":""},"categories":[20,19,24],"tags":[],"class_list":["post-26370","post","type-post","status-publish","format-standard","has-post-thumbnail","hentry","category-departamentales","category-educacion","category-obras-publicas"],"_links":{"self":[{"href":"https:\/\/www.almargenweb.com.ar\/web\/wp-json\/wp\/v2\/posts\/26370","targetHints":{"allow":["GET"]}}],"collection":[{"href":"https:\/\/www.almargenweb.com.ar\/web\/wp-json\/wp\/v2\/posts"}],"about":[{"href":"https:\/\/www.almargenweb.com.ar\/web\/wp-json\/wp\/v2\/types\/post"}],"author":[{"embeddable":true,"href":"https:\/\/www.almargenweb.com.ar\/web\/wp-json\/wp\/v2\/users\/13"}],"replies":[{"embeddable":true,"href":"https:\/\/www.almargenweb.com.ar\/web\/wp-json\/wp\/v2\/comments?post=26370"}],"version-history":[{"count":1,"href":"https:\/\/www.almargenweb.com.ar\/web\/wp-json\/wp\/v2\/posts\/26370\/revisions"}],"predecessor-version":[{"id":26372,"href":"https:\/\/www.almargenweb.com.ar\/web\/wp-json\/wp\/v2\/posts\/26370\/revisions\/26372"}],"wp:featuredmedia":[{"embeddable":true,"href":"https:\/\/www.almargenweb.com.ar\/web\/wp-json\/wp\/v2\/media\/26371"}],"wp:attachment":[{"href":"https:\/\/www.almargenweb.com.ar\/web\/wp-json\/wp\/v2\/media?parent=26370"}],"wp:term":[{"taxonomy":"category","embeddable":true,"href":"https:\/\/www.almargenweb.com.ar\/web\/wp-json\/wp\/v2\/categories?post=26370"},{"taxonomy":"post_tag","embeddable":true,"href":"https:\/\/www.almargenweb.com.ar\/web\/wp-json\/wp\/v2\/tags?post=26370"}],"curies":[{"name":"wp","href":"https:\/\/api.w.org\/{rel}","templated":true}]}}