{"id":26332,"date":"2018-06-11T19:36:30","date_gmt":"2018-06-11T22:36:30","guid":{"rendered":"http:\/\/www.almargenweb.com.ar\/web\/?p=26332"},"modified":"2018-06-11T19:38:26","modified_gmt":"2018-06-11T22:38:26","slug":"sin-clases-el-jueves-amsafe-se-suma-a-la-protesta-convocada-por-la-cta","status":"publish","type":"post","link":"https:\/\/www.almargenweb.com.ar\/web\/sin-clases-el-jueves-amsafe-se-suma-a-la-protesta-convocada-por-la-cta\/","title":{"rendered":"SIN CLASES EL JUEVES: AMSaFe SE SUMA A LA PROTESTA CONVOCADA POR LA CTA."},"content":{"rendered":"<p>Este jueves no habr\u00e1 clases en la provincia de Santa Fe. De acuerdo a lo informado por la Confederaci\u00f3n de Trabajadores de la Educaci\u00f3n de la Rep\u00fablica Argentina, los docentes participar\u00e1n ese d\u00eda del paro nacional del 14 de junio convocado por la CTA.<span id=\"more-26122\"><\/span><\/p>\n<p>De acuerdo a lo que explicita el comunicado emitido por la entidad gremial de segundo grado que afilia sindicatos docentes de todas las jurisdicciones educativas del pa\u00eds, incluida AMSaFe, la medida es \u201ccontra el acuerdo con el FMI, los techos salariales, los tarifazos, en defensa de la educaci\u00f3n p\u00fablica y la jubilaci\u00f3n docente\u201d.<\/p>\n<p>\u201cLos docentes ya vivimos las pol\u00edticas del FMI que han ocasionado ajuste, despidos, hambre y p\u00e9rdida de derechos para los trabajadores\u201d, afirma la gacetilla.<\/p>\n<p>Se realizar\u00e1n movilizaciones en las distintas plazas del pa\u00eds y en Buenos Aires, se convocar\u00e1n a las 15 en Avenida de Mayo y 9 de Julio para marchar a Plaza de Mayo.<\/p>\n<!-- AddThis Advanced Settings generic via filter on the_content --><!-- AddThis Share Buttons generic via filter on the_content -->","protected":false},"excerpt":{"rendered":"<p>Este jueves no habr\u00e1 clases en la provincia de Santa Fe. De acuerdo a lo informado [&hellip;]<!-- AddThis Advanced Settings generic via filter on get_the_excerpt --><!-- AddThis Share Buttons generic via filter on get_the_excerpt --><\/p>\n","protected":false},"author":14,"featured_media":26333,"comment_status":"open","ping_status":"open","sticky":false,"template":"","format":"standard","meta":{"_seopress_robots_primary_cat":"","_seopress_titles_title":"","_seopress_titles_desc":"","_seopress_robots_index":"","_themeisle_gutenberg_block_has_review":false,"footnotes":""},"categories":[2,140],"tags":[198,199],"class_list":["post-26332","post","type-post","status-publish","format-standard","has-post-thumbnail","hentry","category-actualidad","category-nacionales","tag-amsafe","tag-cta"],"_links":{"self":[{"href":"https:\/\/www.almargenweb.com.ar\/web\/wp-json\/wp\/v2\/posts\/26332","targetHints":{"allow":["GET"]}}],"collection":[{"href":"https:\/\/www.almargenweb.com.ar\/web\/wp-json\/wp\/v2\/posts"}],"about":[{"href":"https:\/\/www.almargenweb.com.ar\/web\/wp-json\/wp\/v2\/types\/post"}],"author":[{"embeddable":true,"href":"https:\/\/www.almargenweb.com.ar\/web\/wp-json\/wp\/v2\/users\/14"}],"replies":[{"embeddable":true,"href":"https:\/\/www.almargenweb.com.ar\/web\/wp-json\/wp\/v2\/comments?post=26332"}],"version-history":[{"count":3,"href":"https:\/\/www.almargenweb.com.ar\/web\/wp-json\/wp\/v2\/posts\/26332\/revisions"}],"predecessor-version":[{"id":26337,"href":"https:\/\/www.almargenweb.com.ar\/web\/wp-json\/wp\/v2\/posts\/26332\/revisions\/26337"}],"wp:featuredmedia":[{"embeddable":true,"href":"https:\/\/www.almargenweb.com.ar\/web\/wp-json\/wp\/v2\/media\/26333"}],"wp:attachment":[{"href":"https:\/\/www.almargenweb.com.ar\/web\/wp-json\/wp\/v2\/media?parent=26332"}],"wp:term":[{"taxonomy":"category","embeddable":true,"href":"https:\/\/www.almargenweb.com.ar\/web\/wp-json\/wp\/v2\/categories?post=26332"},{"taxonomy":"post_tag","embeddable":true,"href":"https:\/\/www.almargenweb.com.ar\/web\/wp-json\/wp\/v2\/tags?post=26332"}],"curies":[{"name":"wp","href":"https:\/\/api.w.org\/{rel}","templated":true}]}}