{"id":26301,"date":"2018-06-10T16:38:28","date_gmt":"2018-06-10T19:38:28","guid":{"rendered":"http:\/\/www.almargenweb.com.ar\/web\/?p=26301"},"modified":"2018-06-10T16:38:28","modified_gmt":"2018-06-10T19:38:28","slug":"agroactiva-2018-la-provincia-acompano-a-140-empresas-santafesinas","status":"publish","type":"post","link":"https:\/\/www.almargenweb.com.ar\/web\/agroactiva-2018-la-provincia-acompano-a-140-empresas-santafesinas\/","title":{"rendered":"AGROACTIVA 2018: LA PROVINCIA ACOMPA\u00d1\u00d3 A 140 EMPRESAS SANTAFESINAS"},"content":{"rendered":"<p>El gobierno de la provincia de Santa Fe tuvo una destacada participaci\u00f3n en una nueva edici\u00f3n de la megamuestra agroindustrial Agroactiva, que se desarroll\u00f3 desde el pasado mi\u00e9rcoles hasta este s\u00e1bado en la ciudad de Armstrong y que visitaron unas 240.000 personas<\/p>\n<p>Agroactiva es la exposici\u00f3n agroindustrial m\u00e1s grande del pa\u00eds. En ese marco, como anfitri\u00f3n, el gobierno de la provincial -con el acompa\u00f1amiento del Consejo Federal de Inversiones (CFI)- tuvo una partici\u00f3n in\u00e9dita, con 13.800 metros cuadrados distribuidos en seis lotes que albergaron a 146 empresas santafesinas y en los que se cont\u00f3 con la participaci\u00f3n de los ministerios.<\/p>\n<p>Sobre Agroactiva 2018, la ministra de la Producci\u00f3n, Alicia Ciciliani, indic\u00f3: \u201cFue muy lindo recorrer el espacio de la provincia, tan imponente, donde le dimos lugar de privilegio a nuestras peque\u00f1as empresas. Vinieron los emprendedores, empresarios e innovadores de toda Santa Fe\u201d.<\/p>\n<p>\u201cLos productores y peque\u00f1os empresarios nos agradecen por darles el espacio, pero la verdad es que nosotros estamos agradecidos con ellos, quienes a pesar de las dificultades tienen el entusiasmo, el empuje y las ganas de superar los problemas, porque esta Argentina federal que se ve en Agroactiva es la verdadera Argentina, la de los que producen y trabajan cada d\u00eda\u201d, concluy\u00f3 Ciciliani.<\/p>\n<p><strong>SANTA FE CON TODO<\/strong><br \/>\nEl espacio del gobierno de Santa Fe en la feria cont\u00f3 con una propuesta variada para toda la familia. Adem\u00e1s de las 146 Pymes de toda la provincia que pudieron participar de forma gratuita gracias al programa Santa Fe Expone del Ministerio de la Producci\u00f3n, otras carteras provinciales tomaron parte activamente con diversos contenidos.<\/p>\n<p>Medio Ambiente y Seguridad concientizaron sobre la separaci\u00f3n diferenciada de residuos y educaci\u00f3n vial respectivamente. Educaci\u00f3n, por su parte, estuvo presente articulando la participaci\u00f3n de 27 escuelas agrot\u00e9cnicas que contaron con su propio espacio en la muestra, lo que propici\u00f3 la visita de centenares de alumnos.<\/p>\n<p>En tanto, Desarrollo Social mont\u00f3 una plaza de juegos para toda la familia con tem\u00e1tica de g\u00e9nero; y la Secretar\u00eda de Estado de Energ\u00eda despleg\u00f3 un lote de energ\u00edas renovables 100% abastecido de energ\u00eda limpia.<\/p>\n<p><strong>BALANCE POSITIVO PARA LAS EMPRESAS<\/strong><br \/>\nBricelet es una f\u00e1brica de galletitas dulces suizo alemanas de Carlos Pellegrini y fue su primera vez en Agroactiva. Mariano Gonz\u00e1lez, su due\u00f1o, destac\u00f3: \u201cLo m\u00e1s interesante es la oportunidad de mostrar nuestros productos. Me sorprendi\u00f3 el acompa\u00f1amiento de la provincia, no tengo palabras de agradecimiento\u201d.<\/p>\n<p>Hugo Mart\u00ednez y Adriana G\u00f3mez son due\u00f1os de Duhuen Tejidos, de Rosario, que fabrica ropa tejida para mujeres. \u201cVolvimos a Agroactiva despu\u00e9s de mucho tiempo y este a\u00f1o nos fue muy bien, no esper\u00e1bamos vender tanto, super\u00f3 nuestras expectativas. El acompa\u00f1amiento del gobierno provincial es excelente, estuvieron siempre con nosotros\u201d, afirm\u00f3 Adriana.<\/p>\n<p>Para Daniel Pandolfi, de Pandolfi S.R.L, fue una experiencia muy buena. \u201cEs la primera vez que venimos a Agroactiva y nos vamos muy contentos. Somos de Correa, fabricamos enfardadoras y la verdad que fue una experiencia muy buena. Ha pasado mucha gente y generamos muchos contactos. El apoyo de la provincia para empresas chicas como la nuestra es fundamental\u201d, sostuvo.<\/p>\n<p>Chacinados Do\u00f1a Elba es una marca de Arteaga que pertenece a Luciano Palasesi y Gonzalo Vidor\u00e9. \u201cEs la primera vez que participamos y el balance es totalmente positivo, ya que lo importante de estas ferias es el testeo que hacemos porque viene gente de todo el pa\u00eds y del exterior. Hacemos cosas comestibles y cada regi\u00f3n tiene su sabor, por lo que vamos recogiendo la devoluci\u00f3n que tienen del producto y a la mayor\u00eda les ha gustado; adem\u00e1s hemos vendido muy bien. M\u00e1s all\u00e1 de valorar la parte rentable, lo que realmente se valora es la posibilidad que da la provincia de tener un stand ac\u00e1, ya que en condiciones normales no estar\u00edamos. Considero que este apoyo es un canal fundamental para peque\u00f1os emprendimientos familiares como el nuestro. Es una posibilidad inmejorable\u201d.<\/p>\n<p>Leonardo Marchica, due\u00f1o de Ban Mar, empresa de Rosario dedicada a la fabricaci\u00f3n de cintas transportadoras, cont\u00f3 que \u201cfue una muy buena experiencia en la que adquirimos muchos contactos para posibles ventas. El acompa\u00f1amiento de la provincia fue muy bueno porque estuvieron junto a nosotros permanentemente<\/p>\n<p>&nbsp;<\/p>\n<p>&nbsp;<\/p>\n<!-- AddThis Advanced Settings generic via filter on the_content --><!-- AddThis Share Buttons generic via filter on the_content -->","protected":false},"excerpt":{"rendered":"<p>El gobierno de la provincia de Santa Fe tuvo una destacada participaci\u00f3n en una nueva edici\u00f3n [&hellip;]<!-- AddThis Advanced Settings generic via filter on get_the_excerpt --><!-- AddThis Share Buttons generic via filter on get_the_excerpt --><\/p>\n","protected":false},"author":13,"featured_media":26302,"comment_status":"open","ping_status":"open","sticky":false,"template":"","format":"standard","meta":{"_seopress_robots_primary_cat":"","_seopress_titles_title":"","_seopress_titles_desc":"","_seopress_robots_index":"","_themeisle_gutenberg_block_has_review":false,"footnotes":""},"categories":[2,48],"tags":[193],"class_list":["post-26301","post","type-post","status-publish","format-standard","has-post-thumbnail","hentry","category-actualidad","category-provinciales","tag-agroactiva-2018"],"_links":{"self":[{"href":"https:\/\/www.almargenweb.com.ar\/web\/wp-json\/wp\/v2\/posts\/26301","targetHints":{"allow":["GET"]}}],"collection":[{"href":"https:\/\/www.almargenweb.com.ar\/web\/wp-json\/wp\/v2\/posts"}],"about":[{"href":"https:\/\/www.almargenweb.com.ar\/web\/wp-json\/wp\/v2\/types\/post"}],"author":[{"embeddable":true,"href":"https:\/\/www.almargenweb.com.ar\/web\/wp-json\/wp\/v2\/users\/13"}],"replies":[{"embeddable":true,"href":"https:\/\/www.almargenweb.com.ar\/web\/wp-json\/wp\/v2\/comments?post=26301"}],"version-history":[{"count":1,"href":"https:\/\/www.almargenweb.com.ar\/web\/wp-json\/wp\/v2\/posts\/26301\/revisions"}],"predecessor-version":[{"id":26303,"href":"https:\/\/www.almargenweb.com.ar\/web\/wp-json\/wp\/v2\/posts\/26301\/revisions\/26303"}],"wp:featuredmedia":[{"embeddable":true,"href":"https:\/\/www.almargenweb.com.ar\/web\/wp-json\/wp\/v2\/media\/26302"}],"wp:attachment":[{"href":"https:\/\/www.almargenweb.com.ar\/web\/wp-json\/wp\/v2\/media?parent=26301"}],"wp:term":[{"taxonomy":"category","embeddable":true,"href":"https:\/\/www.almargenweb.com.ar\/web\/wp-json\/wp\/v2\/categories?post=26301"},{"taxonomy":"post_tag","embeddable":true,"href":"https:\/\/www.almargenweb.com.ar\/web\/wp-json\/wp\/v2\/tags?post=26301"}],"curies":[{"name":"wp","href":"https:\/\/api.w.org\/{rel}","templated":true}]}}