{"id":26280,"date":"2018-06-08T10:06:21","date_gmt":"2018-06-08T13:06:21","guid":{"rendered":"http:\/\/www.almargenweb.com.ar\/web\/?p=26280"},"modified":"2018-06-08T10:06:21","modified_gmt":"2018-06-08T13:06:21","slug":"nestor-orono-tognoli-demandara-a-la-nacion","status":"publish","type":"post","link":"https:\/\/www.almargenweb.com.ar\/web\/nestor-orono-tognoli-demandara-a-la-nacion\/","title":{"rendered":"Nestor Oro\u00f1o: \u201cTognoli demandar\u00e1 a la Naci\u00f3n"},"content":{"rendered":"<p>N\u00e9stor Oro\u00f1o se mostr\u00f3 satisfecho \u201cdespu\u00e9s de mucho trajinar\u201d por el resultado ya que se logr\u00f3 \u201cuna resoluci\u00f3n de la causa conforme a la realidad jur\u00eddica y se termin\u00f3 este culebr\u00f3n jur\u00eddico que comenz\u00f3 en 2012 y que dej\u00f3 a Tognoli preso\u201d.<\/p>\n<p>N\u00e9stor Oro\u00f1o<br \/>\nEl abogado que tom\u00f3 la causa del exjefe de polic\u00eda de Santa Fe fue dur\u00edsimo en sus t\u00e9rminos y asever\u00f3 que \u201cla causa nada ten\u00eda de jur\u00eddico, adem\u00e1s se involucraron poderes del Estado, porque quienes motorizaron la causa sab\u00edan que Tognoli no era titular de esa clave que usaron en su contra, y ese dato era sabido por quienes hicieron la denuncia en 2012 y sin embargo la usaron de una manera artera contra Tognoli y despu\u00e9s crearon una empresa criminal para acusarlo\u201d<\/p>\n<p>Fue tambi\u00e9n muy claro, Oro\u00f1o al explicar que \u201cno existe la figura de empresa criminal conjunta, fue todo un engendro que se vio favorecido por una realidad institucional que le dio sustento y con un involucramiento directo del Ministerio P\u00fablico Fiscal\u201d.<\/p>\n<p>La primera foto de Tognoli libre junto a su familia<br \/>\nEl reconocido abogado santafesino fue severo en su juicio de los fiscales que actuaron en la causa que tuvo a Tognoli preso por m\u00e1s de 5 a\u00f1os. \u201cLa fiscal\u00eda se vali\u00f3 de elucubraciones y de cuestiones abstractas y pretendi\u00f3 generar un cuadro convictivo, pero los tribunales lo analizaron y de una manera cautelosa absolvieron por el beneficio de la duda\u201d.<\/p>\n<p>\u201cHay una acividad irregular y en algunos tramos ilegitima de algunos poderes del Estado\u201d, dijo Oro\u00f1o con respecto a la causa y confirm\u00f3 que se seguir\u00e1 trabajando en \u201cla denuncia que ya est\u00e1 hecha contra los funcionarios que se prestaron a esta canallada contra Tognoli y le dieron tr\u00e1mite y trataremos de dilucidar algunos tr\u00e1mites, por otra parte hay cuestiones que son objetivas, como son la prisi\u00f3n preventiva cumplida en exceso por Tognoli y reclamaremos por da\u00f1os y perjuicios. La causa ha tenido un alto costo directo y colateral contra Tognoli y su familia y alguien tendr\u00e1 que hacerse cargo\u201d.<\/p>\n<!-- AddThis Advanced Settings generic via filter on the_content --><!-- AddThis Share Buttons generic via filter on the_content -->","protected":false},"excerpt":{"rendered":"<p>N\u00e9stor Oro\u00f1o se mostr\u00f3 satisfecho \u201cdespu\u00e9s de mucho trajinar\u201d por el resultado ya que se logr\u00f3 [&hellip;]<!-- AddThis Advanced Settings generic via filter on get_the_excerpt --><!-- AddThis Share Buttons generic via filter on get_the_excerpt --><\/p>\n","protected":false},"author":14,"featured_media":26281,"comment_status":"open","ping_status":"open","sticky":false,"template":"","format":"standard","meta":{"_seopress_robots_primary_cat":"","_seopress_titles_title":"","_seopress_titles_desc":"","_seopress_robots_index":"","_themeisle_gutenberg_block_has_review":false,"footnotes":""},"categories":[48],"tags":[188],"class_list":["post-26280","post","type-post","status-publish","format-standard","has-post-thumbnail","hentry","category-provinciales","tag-tognoli"],"_links":{"self":[{"href":"https:\/\/www.almargenweb.com.ar\/web\/wp-json\/wp\/v2\/posts\/26280","targetHints":{"allow":["GET"]}}],"collection":[{"href":"https:\/\/www.almargenweb.com.ar\/web\/wp-json\/wp\/v2\/posts"}],"about":[{"href":"https:\/\/www.almargenweb.com.ar\/web\/wp-json\/wp\/v2\/types\/post"}],"author":[{"embeddable":true,"href":"https:\/\/www.almargenweb.com.ar\/web\/wp-json\/wp\/v2\/users\/14"}],"replies":[{"embeddable":true,"href":"https:\/\/www.almargenweb.com.ar\/web\/wp-json\/wp\/v2\/comments?post=26280"}],"version-history":[{"count":1,"href":"https:\/\/www.almargenweb.com.ar\/web\/wp-json\/wp\/v2\/posts\/26280\/revisions"}],"predecessor-version":[{"id":26282,"href":"https:\/\/www.almargenweb.com.ar\/web\/wp-json\/wp\/v2\/posts\/26280\/revisions\/26282"}],"wp:featuredmedia":[{"embeddable":true,"href":"https:\/\/www.almargenweb.com.ar\/web\/wp-json\/wp\/v2\/media\/26281"}],"wp:attachment":[{"href":"https:\/\/www.almargenweb.com.ar\/web\/wp-json\/wp\/v2\/media?parent=26280"}],"wp:term":[{"taxonomy":"category","embeddable":true,"href":"https:\/\/www.almargenweb.com.ar\/web\/wp-json\/wp\/v2\/categories?post=26280"},{"taxonomy":"post_tag","embeddable":true,"href":"https:\/\/www.almargenweb.com.ar\/web\/wp-json\/wp\/v2\/tags?post=26280"}],"curies":[{"name":"wp","href":"https:\/\/api.w.org\/{rel}","templated":true}]}}