{"id":26273,"date":"2018-06-07T14:10:17","date_gmt":"2018-06-07T17:10:17","guid":{"rendered":"http:\/\/www.almargenweb.com.ar\/web\/?p=26273"},"modified":"2018-06-07T14:10:17","modified_gmt":"2018-06-07T17:10:17","slug":"la-provincia-entrego-cascos-a-jovenes-que-obtuvieron-su-primer-licencia-de-conducir","status":"publish","type":"post","link":"https:\/\/www.almargenweb.com.ar\/web\/la-provincia-entrego-cascos-a-jovenes-que-obtuvieron-su-primer-licencia-de-conducir\/","title":{"rendered":"LA PROVINCIA ENTREG\u00d3 CASCOS A J\u00d3VENES QUE OBTUVIERON SU PRIMER LICENCIA DE CONDUCIR"},"content":{"rendered":"<p>Este mi\u00e9rcoles en Rosario. El Ministerio de Seguridad, a trav\u00e9s de la Agencia Provincial de Seguridad Vial (APSV), entrega los cascos a los 94 Centro de Habilitaci\u00f3n de Conductores de la provincia.<\/p>\n<p>El ministro de Seguridad, Maximiliano Pullaro, particip\u00f3 este mi\u00e9rcoles de la firma del convenio y la entrega de cascos para motoveh\u00edculos a los Centros de Habilitaci\u00f3n de Conductores de la Regi\u00f3n 4 \u2013 Nodo Rosario.<\/p>\n<p>La medida se enmarca en el plan de acciones que lleva a cabo el Ministerio de Seguridad, a trav\u00e9s de la Agencia Provincial de Seguridad Vial, para reforzar la prevenci\u00f3n de siniestralidad vial en los j\u00f3venes conductores de motoveh\u00edculos, quienes constituyen uno de los grupos m\u00e1s vulnerables dentro del espacio vial. Por este motivo, los Centros reciben los cascos y son los encargados de entregarlos a los j\u00f3venes de entre 18 y 20 a\u00f1os que obtienen su primera licencia de conducir y que han participado de las capacitaciones previas.<\/p>\n<p>\u201cEsta es una pol\u00edtica p\u00fablica que llevamos adelante y que apunta a trabajar fuertemente en la educaci\u00f3n y concientizaci\u00f3n de los siniestros viales y de c\u00f3mo los mismos, llevando adelante pautas correctas de conductas, se pueden reducir a\u00f1o a a\u00f1o\u201d, indic\u00f3 Pullaro.<\/p>\n<p>Por su parte, el subsecretario de Coordinaci\u00f3n de Pol\u00edticas Preventivas y de Agencia Provincial de Seguridad Vial , Fernando Peverengo, aclar\u00f3 que \u201cla idea no es regalar el casco, sino que se lo ganen, ya que los mismos se les van a entregar a las personas que participen de las capacitaciones previas al otorgamiento de la licencia\u201d.<\/p>\n<p>Desde la creaci\u00f3n de la APSV, la provincia sostiene pol\u00edticas p\u00fablicas orientadas espec\u00edficamente a la prevenci\u00f3n de siniestros y lesiones graves a la poblaci\u00f3n que utiliza moto veh\u00edculos. El uso del casco como dispositivo de seguridad pasivo es fundamental para revertir las v\u00edctimas fatales y lesiones graves en los hechos de tr\u00e1nsito y la distribuci\u00f3n de los mismos es el primer paso para incorporar en la cultura vial de la poblaci\u00f3n conductas m\u00e1s seguras.<\/p>\n<p>En la provincia de Santa Fe el parque vehicular de motos experiment\u00f3 un importante crecimiento cuya tasa super\u00f3 a la de automotores. Asimismo, se elev\u00f3 el n\u00famero de siniestros en los cuales perdieron la vida o sufrieron serias lesiones conductores y\/o acompa\u00f1antes de moto veh\u00edculos, que generalmente son personas de corta y mediana edad.<\/p>\n<p>Los Centros de Habilitaci\u00f3n de Conductores son espacios clave en el proceso de construcci\u00f3n de una nueva cultura vial, es por eso que resulta fundamental su adhesi\u00f3n a esta iniciativa que se enmarca en un proyecto mediante el cual se entregar\u00e1n 6.000 cascos a conductores durante los pr\u00f3ximos 6 meses.<\/p>\n<p>Este martes ya se entregaron los cascos a los Centros de las regiones 3 \u2013 Nodo Santa Fe y 5 \u2013 Nodo Venado Tuerto. En tanto, este jueves ser\u00e1 el turno de los Centros de las regiones 1 \u2013 Nodo Reconquista y 2 \u2013 Nodo Rafaela.<\/p>\n<p><strong>PRESENTES<\/strong><br \/>\nTambi\u00e9n particip\u00f3 del acto el director del Observatorio Vial, Diego Bonino.<\/p>\n<!-- AddThis Advanced Settings generic via filter on the_content --><!-- AddThis Share Buttons generic via filter on the_content -->","protected":false},"excerpt":{"rendered":"<p>Este mi\u00e9rcoles en Rosario. El Ministerio de Seguridad, a trav\u00e9s de la Agencia Provincial de Seguridad [&hellip;]<!-- AddThis Advanced Settings generic via filter on get_the_excerpt --><!-- AddThis Share Buttons generic via filter on get_the_excerpt --><\/p>\n","protected":false},"author":13,"featured_media":26274,"comment_status":"open","ping_status":"open","sticky":false,"template":"","format":"standard","meta":{"_seopress_robots_primary_cat":"","_seopress_titles_title":"","_seopress_titles_desc":"","_seopress_robots_index":"","_themeisle_gutenberg_block_has_review":false,"footnotes":""},"categories":[2,48],"tags":[],"class_list":["post-26273","post","type-post","status-publish","format-standard","has-post-thumbnail","hentry","category-actualidad","category-provinciales"],"_links":{"self":[{"href":"https:\/\/www.almargenweb.com.ar\/web\/wp-json\/wp\/v2\/posts\/26273","targetHints":{"allow":["GET"]}}],"collection":[{"href":"https:\/\/www.almargenweb.com.ar\/web\/wp-json\/wp\/v2\/posts"}],"about":[{"href":"https:\/\/www.almargenweb.com.ar\/web\/wp-json\/wp\/v2\/types\/post"}],"author":[{"embeddable":true,"href":"https:\/\/www.almargenweb.com.ar\/web\/wp-json\/wp\/v2\/users\/13"}],"replies":[{"embeddable":true,"href":"https:\/\/www.almargenweb.com.ar\/web\/wp-json\/wp\/v2\/comments?post=26273"}],"version-history":[{"count":1,"href":"https:\/\/www.almargenweb.com.ar\/web\/wp-json\/wp\/v2\/posts\/26273\/revisions"}],"predecessor-version":[{"id":26275,"href":"https:\/\/www.almargenweb.com.ar\/web\/wp-json\/wp\/v2\/posts\/26273\/revisions\/26275"}],"wp:featuredmedia":[{"embeddable":true,"href":"https:\/\/www.almargenweb.com.ar\/web\/wp-json\/wp\/v2\/media\/26274"}],"wp:attachment":[{"href":"https:\/\/www.almargenweb.com.ar\/web\/wp-json\/wp\/v2\/media?parent=26273"}],"wp:term":[{"taxonomy":"category","embeddable":true,"href":"https:\/\/www.almargenweb.com.ar\/web\/wp-json\/wp\/v2\/categories?post=26273"},{"taxonomy":"post_tag","embeddable":true,"href":"https:\/\/www.almargenweb.com.ar\/web\/wp-json\/wp\/v2\/tags?post=26273"}],"curies":[{"name":"wp","href":"https:\/\/api.w.org\/{rel}","templated":true}]}}