{"id":26270,"date":"2018-06-07T14:07:03","date_gmt":"2018-06-07T17:07:03","guid":{"rendered":"http:\/\/www.almargenweb.com.ar\/web\/?p=26270"},"modified":"2018-06-07T14:07:03","modified_gmt":"2018-06-07T17:07:03","slug":"agasajo-a-periodistas-en-el-hall-de-la-legislatura","status":"publish","type":"post","link":"https:\/\/www.almargenweb.com.ar\/web\/agasajo-a-periodistas-en-el-hall-de-la-legislatura\/","title":{"rendered":"AGASAJO A PERIODISTAS EN EL HALL DE LA LEGISLATURA"},"content":{"rendered":"<div dir=\"ltr\">\n<p dir=\"ltr\">Con la presencia del vicegobernador de la provincia, Carlos Fascendini; el presidente de la C\u00e1mara de Diputados, Antonio Bonfatti, legisladores, representantes de la Asociaci\u00f3n de Prensa de Santa Fe y periodistas tuvo lugar un reconocimiento y agasajo a los trabajadores de prensa.<\/p>\n<p dir=\"ltr\">En su alocuci\u00f3n, Fascendini dijo que &#8220;es un gusto y un honor recibirlos cada 7 de junio cuando se conmemora el D\u00eda del Periodista&#8221; Destac\u00f3 el valioso aporte que realizan en la comunicaci\u00f3n de la actividad legislativa y los inst\u00f3 a continuar &#8220;sin bajar los brazos &#8221; no obstante las vicisitudes y dificultades que atraviesa la profesi\u00f3n.<\/p>\n<p dir=\"ltr\">Fascendini subray\u00f3 &#8220;el valor de la coherencia que se exige al sector pol\u00edtico para ubicarse y actuar en consonancia con principios y convicciones&#8221;<\/p>\n<p dir=\"ltr\">El vicegobernador alent\u00f3 la existencia de pluralidad de voces y miradas desde el periodismo, en el marco del respeto y la tolerancia a las opiniones diversas que &#8220;son inherentes a una democracia de calidad y fortaleza institucional&#8221;<\/p>\n<\/div>\n<div class=\"yj6qo ajU\"><\/div>\n<!-- AddThis Advanced Settings generic via filter on the_content --><!-- AddThis Share Buttons generic via filter on the_content -->","protected":false},"excerpt":{"rendered":"<p>Con la presencia del vicegobernador de la provincia, Carlos Fascendini; el presidente de la C\u00e1mara de [&hellip;]<!-- AddThis Advanced Settings generic via filter on get_the_excerpt --><!-- AddThis Share Buttons generic via filter on get_the_excerpt --><\/p>\n","protected":false},"author":13,"featured_media":26271,"comment_status":"open","ping_status":"open","sticky":false,"template":"","format":"standard","meta":{"_seopress_robots_primary_cat":"","_seopress_titles_title":"","_seopress_titles_desc":"","_seopress_robots_index":"","_themeisle_gutenberg_block_has_review":false,"footnotes":""},"categories":[2,48],"tags":[],"class_list":["post-26270","post","type-post","status-publish","format-standard","has-post-thumbnail","hentry","category-actualidad","category-provinciales"],"_links":{"self":[{"href":"https:\/\/www.almargenweb.com.ar\/web\/wp-json\/wp\/v2\/posts\/26270","targetHints":{"allow":["GET"]}}],"collection":[{"href":"https:\/\/www.almargenweb.com.ar\/web\/wp-json\/wp\/v2\/posts"}],"about":[{"href":"https:\/\/www.almargenweb.com.ar\/web\/wp-json\/wp\/v2\/types\/post"}],"author":[{"embeddable":true,"href":"https:\/\/www.almargenweb.com.ar\/web\/wp-json\/wp\/v2\/users\/13"}],"replies":[{"embeddable":true,"href":"https:\/\/www.almargenweb.com.ar\/web\/wp-json\/wp\/v2\/comments?post=26270"}],"version-history":[{"count":1,"href":"https:\/\/www.almargenweb.com.ar\/web\/wp-json\/wp\/v2\/posts\/26270\/revisions"}],"predecessor-version":[{"id":26272,"href":"https:\/\/www.almargenweb.com.ar\/web\/wp-json\/wp\/v2\/posts\/26270\/revisions\/26272"}],"wp:featuredmedia":[{"embeddable":true,"href":"https:\/\/www.almargenweb.com.ar\/web\/wp-json\/wp\/v2\/media\/26271"}],"wp:attachment":[{"href":"https:\/\/www.almargenweb.com.ar\/web\/wp-json\/wp\/v2\/media?parent=26270"}],"wp:term":[{"taxonomy":"category","embeddable":true,"href":"https:\/\/www.almargenweb.com.ar\/web\/wp-json\/wp\/v2\/categories?post=26270"},{"taxonomy":"post_tag","embeddable":true,"href":"https:\/\/www.almargenweb.com.ar\/web\/wp-json\/wp\/v2\/tags?post=26270"}],"curies":[{"name":"wp","href":"https:\/\/api.w.org\/{rel}","templated":true}]}}