{"id":26262,"date":"2018-06-06T16:46:25","date_gmt":"2018-06-06T19:46:25","guid":{"rendered":"http:\/\/www.almargenweb.com.ar\/web\/?p=26262"},"modified":"2018-06-06T16:46:25","modified_gmt":"2018-06-06T19:46:25","slug":"se-reforzara-la-atencion-en-el-interior-provincial-con-27-medicos-residentes","status":"publish","type":"post","link":"https:\/\/www.almargenweb.com.ar\/web\/se-reforzara-la-atencion-en-el-interior-provincial-con-27-medicos-residentes\/","title":{"rendered":"SE REFORZAR\u00c1 LA ATENCI\u00d3N EN EL INTERIOR PROVINCIAL CON 27 M\u00c9DICOS RESIDENTES"},"content":{"rendered":"<p class=\"umcopete_interior\">La estrategia es impulsada por el Ministerio de Salud de Santa Fe, con el objetivo de llevar profesionales en ciencias m\u00e9dicas a los lugares en los que m\u00e1s falta recurso humano. J\u00e9sica Micheloud ser\u00e1 una de las residentes y estar\u00e1 por un a\u00f1o en Mar\u00eda Luisa y Providencia.<\/p>\n<p class=\"selectionShareable\">Con el prop\u00f3sito de aumentar la cantidad de profesionales m\u00e9dicos en las localidades del Centro-Norte y La Costa de Santa Fe, el Ministerio de Salud, tras un trabajo unificado con el Colegio de M\u00e9dicos y las sociedades cient\u00edficas de la provincia, enviar\u00e1 a 27 m\u00e9dicos residentes a reforzar las localidades en las que m\u00e1s falta recurso humano, y as\u00ed cubrir diferentes especialidades m\u00e9dicas.<\/p>\n<p class=\"selectionShareable\">\n<p class=\"selectionShareable\">\u201cPara nosotros es muy importante porque el tema de recurso humano viene siendo muy complejo en nuestro pa\u00eds con respecto a las selecciones que hacen nuestros futuros profesionales, que no siempre son para las \u00e1reas que necesitamos\u201d, coment\u00f3 Andrea Uboldi, ministra de Salud de la provincia.<\/p>\n<p class=\"selectionShareable\">\n<p class=\"selectionShareable\">La iniciativa comenz\u00f3 en el 2015, cuando se plantearon las dificultades para satisfacer la atenci\u00f3n m\u00e9dica. En su momento, los estudiantes de ciencias m\u00e9dicas firmaron un compromiso en el que se compromet\u00edan, al finalizar la residencia, a trabajar por un a\u00f1o en lugares de Santa Fe donde m\u00e1s se necesitan profesionales.<\/p>\n<p class=\"selectionShareable\">\n<p class=\"selectionShareable\">\u201cSon 27 los cupos jerarquizados y priorizados, esto implica que llevamos recurso calificado durante un a\u00f1o a lugares de la provincia donde necesitamos perfiles diferentes, desde medicina en general, pediatr\u00eda, terapia intensiva, o especialidades como cardiolog\u00eda o traumatolog\u00eda, sobre todo para el Centro-Norte y La Costa de la provincia donde se evidencian las mayores dificultades\u201d, resalt\u00f3 la ministra.<\/p>\n<p class=\"selectionShareable\">\n<p class=\"selectionShareable\">Esta experiencia, para Uboldi es \u201cinnovadora\u201d y de funcionar va a permitir \u201cinyectar recurso calificado y a los residentes les permitir\u00e1 conocer lugares distintos, en los que quiz\u00e1s se queden para potenciar y tener m\u00e1s recursos fuera de las grandes ciudades\u201d, se\u00f1al\u00f3.<\/p>\n<p class=\"selectionShareable\">\n<p class=\"selectionShareable\">Para incentivar a los residentes para que sean parte de esta propuesta, la ministra sostuvo que \u201chay comunas que garantizaron el alquiler por un a\u00f1o, en otros casos estamos buscando algunas viviendas para poner a disposici\u00f3n, adem\u00e1s es tener un trabajo por un a\u00f1o\u201d.<\/p>\n<p>&nbsp;<\/p>\n<p class=\"selectionShareable\"><strong>Residentes<\/strong><\/p>\n<p>&nbsp;<\/p>\n<p class=\"selectionShareable\">J\u00e9sica Micheloud, de 30 a\u00f1os, se recibi\u00f3 como m\u00e9dica y este a\u00f1o realiz\u00f3 la residencia en el Samco de Esperanza. La joven cuenta con la especialidad en medicina general y ser\u00e1 una de los 27 profesionales que se distribuir\u00e1n en las comunidades que m\u00e1s requieren profesionales en diferentes especialidades m\u00e9dicas.<\/p>\n<p class=\"selectionShareable\">\n<p class=\"selectionShareable\">En su caso trabajar\u00e1 por un a\u00f1o, al menos, en las localidades de Mar\u00eda Luisa y Providencia. \u201cEstoy contenta y agradecida con el Ministerio y las comunas de all\u00e1, con quienes ya compart\u00ed gratos momentos y me recibieron de la mejor forma\u201d, dijo J\u00e9sica, quien cont\u00f3 que tomar la decisi\u00f3n no le fue dif\u00edcil, ya que es oriunda de Esperanza y tiene a su familia cerca.<\/p>\n<p class=\"selectionShareable\">\n<p class=\"selectionShareable\">\u201cHace tres a\u00f1os cuando ingres\u00e9 a la residencia, sab\u00eda que una vez finalizada iba a estar esta posibilidad, lo cual me garantizaba continuidad de trabajo y era un buen incentivo. Voy a vivir en Mar\u00eda Luisa, donde voy a atender, y de ah\u00ed voy a viajar todos los d\u00edas a Providencia\u201d.<\/p>\n<p class=\"selectionShareable\">\n<p class=\"selectionShareable\">En cuanto a las necesidades de profesionales en los alrededores donde vive, observ\u00f3: \u201cSe nota mucho la falta de m\u00e9dicos, incluso el a\u00f1o pasado hicimos una observaci\u00f3n en Intiyaco \u2014comuna del norte\u2014 y notamos las necesidades que tienen ah\u00ed\u201d.<\/p>\n<p class=\"selectionShareable\">\n<p class=\"selectionShareable\">Respecto a sus objetivos como m\u00e9dica, Micheloud expres\u00f3 que su intenci\u00f3n es \u201cpoder cubrir la demanda de la poblaci\u00f3n, tratar de conocerla y poder cumplir las expectativas que tienen, y que son altas por lo que pude conversar con los habitantes\u201d.<\/p>\n<p>&nbsp;<\/p>\n<p>&nbsp;<\/p>\n<p>&nbsp;<\/p>\n<p>Fuente: El Litoral<\/p>\n<!-- AddThis Advanced Settings generic via filter on the_content --><!-- AddThis Share Buttons generic via filter on the_content -->","protected":false},"excerpt":{"rendered":"<p>La estrategia es impulsada por el Ministerio de Salud de Santa Fe, con el objetivo de [&hellip;]<!-- AddThis Advanced Settings generic via filter on get_the_excerpt --><!-- AddThis Share Buttons generic via filter on get_the_excerpt --><\/p>\n","protected":false},"author":13,"featured_media":26263,"comment_status":"open","ping_status":"open","sticky":false,"template":"","format":"standard","meta":{"_seopress_robots_primary_cat":"","_seopress_titles_title":"","_seopress_titles_desc":"","_seopress_robots_index":"","_themeisle_gutenberg_block_has_review":false,"footnotes":""},"categories":[48,15],"tags":[],"class_list":["post-26262","post","type-post","status-publish","format-standard","has-post-thumbnail","hentry","category-provinciales","category-salud"],"_links":{"self":[{"href":"https:\/\/www.almargenweb.com.ar\/web\/wp-json\/wp\/v2\/posts\/26262","targetHints":{"allow":["GET"]}}],"collection":[{"href":"https:\/\/www.almargenweb.com.ar\/web\/wp-json\/wp\/v2\/posts"}],"about":[{"href":"https:\/\/www.almargenweb.com.ar\/web\/wp-json\/wp\/v2\/types\/post"}],"author":[{"embeddable":true,"href":"https:\/\/www.almargenweb.com.ar\/web\/wp-json\/wp\/v2\/users\/13"}],"replies":[{"embeddable":true,"href":"https:\/\/www.almargenweb.com.ar\/web\/wp-json\/wp\/v2\/comments?post=26262"}],"version-history":[{"count":2,"href":"https:\/\/www.almargenweb.com.ar\/web\/wp-json\/wp\/v2\/posts\/26262\/revisions"}],"predecessor-version":[{"id":26265,"href":"https:\/\/www.almargenweb.com.ar\/web\/wp-json\/wp\/v2\/posts\/26262\/revisions\/26265"}],"wp:featuredmedia":[{"embeddable":true,"href":"https:\/\/www.almargenweb.com.ar\/web\/wp-json\/wp\/v2\/media\/26263"}],"wp:attachment":[{"href":"https:\/\/www.almargenweb.com.ar\/web\/wp-json\/wp\/v2\/media?parent=26262"}],"wp:term":[{"taxonomy":"category","embeddable":true,"href":"https:\/\/www.almargenweb.com.ar\/web\/wp-json\/wp\/v2\/categories?post=26262"},{"taxonomy":"post_tag","embeddable":true,"href":"https:\/\/www.almargenweb.com.ar\/web\/wp-json\/wp\/v2\/tags?post=26262"}],"curies":[{"name":"wp","href":"https:\/\/api.w.org\/{rel}","templated":true}]}}