{"id":26258,"date":"2018-06-06T15:23:27","date_gmt":"2018-06-06T18:23:27","guid":{"rendered":"http:\/\/www.almargenweb.com.ar\/web\/?p=26258"},"modified":"2018-06-06T15:23:27","modified_gmt":"2018-06-06T18:23:27","slug":"se-abrieron-dos-convocatorias-para-el-financiamiento-de-pymes","status":"publish","type":"post","link":"https:\/\/www.almargenweb.com.ar\/web\/se-abrieron-dos-convocatorias-para-el-financiamiento-de-pymes\/","title":{"rendered":"SE ABRIERON DOS CONVOCATORIAS PARA EL FINANCIAMIENTO DE PYMES"},"content":{"rendered":"<p>Se trata de \u201cInnovaci\u00f3n Productiva\u201d e \u201cInnovaci\u00f3n Aplicada a Pymes\u201d, destinadas a apoyar la innovaci\u00f3n en empresas. Las convocatorias estar\u00e1n abiertas hasta agosto.<\/p>\n<p>El Ministerio de Ciencia, Tecnolog\u00eda e Innovaci\u00f3n Productiva, a trav\u00e9s de la Agencia Santafesina de Ciencia, Tecnolog\u00eda e Innovaci\u00f3n (ASaCTeI), abri\u00f3 dos convocatorias para el financiamiento de empresas. La primera es la l\u00ednea \u201cInnovaci\u00f3n Productiva 2018\u201d y la otra es \u201cInnovaci\u00f3n Aplicada a Pymes 2018\u201d.<\/p>\n<p>Las l\u00edneas est\u00e1n destinadas a emprendedores y empresas con radicaci\u00f3n en la provincia de Santa Fe que demuestren capacidad para innovar y visi\u00f3n estrat\u00e9gica en las soluciones tecnol\u00f3gicas a implementar.<\/p>\n<p><strong>APOYAR LA INNOVACI\u00d3N<\/strong><br \/>\n&gt;&gt; \u201cInnovaci\u00f3n Productiva\u201d: la convocatoria busca apoyar a proyectos de innovaci\u00f3n tecnol\u00f3gica dirigidos al desarrollo de nuevos productos y procesos productivos, o la mejora de los existentes.<\/p>\n<p>Para ello se otorgar\u00e1n Aportes No Reintegrables (ANR) por un monto de entre $ 600.000 y $ 2.200.000 por proyecto, el aporte no podr\u00e1 ser mayor al 75% del costo total del proyecto.<\/p>\n<p>La fecha l\u00edmite para enviar las presentaciones a la plataforma online es el 3 de agosto y en formato papel, el 9 de agosto hasta las 12 horas.<\/p>\n<p>&gt;&gt; \u201cInnovaci\u00f3n Aplicada a Pymes\u201d: el objetivo es fortalecer las capacidades competitivas de las empresas de la provincia de Santa Fe a trav\u00e9s del incentivo para la realizaci\u00f3n de proyectos de mejora productiva, desarrollo e innovaci\u00f3n tecnol\u00f3gica.<\/p>\n<p>Los emprendedores y las empresas deber\u00e1n contar con la asistencia (excluyente) de uno o m\u00e1s expertos o investigadores externos, en la disciplina, t\u00e9cnica o tecnolog\u00eda sobre la cual se base dicho proyecto. Los beneficiarios deber\u00e1n, adem\u00e1s, satisfacer la condici\u00f3n de pyme y estar inscriptos en la Administraci\u00f3n Federal de Ingresos P\u00fablicos (AFIP), bajo la modalidad de Monotributo o Responsable Inscripto.<\/p>\n<p>En este caso se otorgar\u00e1n aportes no reintegrables de hasta $ 300.000 por proyecto. Los beneficiaros deber\u00e1n aportar, como contrapartida, al menos el 20% del presupuesto total del proyecto.<\/p>\n<p>El cierre de la presentaci\u00f3n online es el 27 de agosto y, en formato papel, el 31 de agosto hasta las 12 horas.<\/p>\n<p>Para m\u00e1s informaci\u00f3n, y para conocer las bases y condiciones, visitar la web del Ministerio\u00a0<a href=\"https:\/\/www.santafe.gob.ar\/index.php\/web\/content\/view\/full\/93773\">www.santafe.gov.ar\/cienciaytecnologia<\/a>.<\/p>\n<!-- AddThis Advanced Settings generic via filter on the_content --><!-- AddThis Share Buttons generic via filter on the_content -->","protected":false},"excerpt":{"rendered":"<p>Se trata de \u201cInnovaci\u00f3n Productiva\u201d e \u201cInnovaci\u00f3n Aplicada a Pymes\u201d, destinadas a apoyar la innovaci\u00f3n en [&hellip;]<!-- AddThis Advanced Settings generic via filter on get_the_excerpt --><!-- AddThis Share Buttons generic via filter on get_the_excerpt --><\/p>\n","protected":false},"author":13,"featured_media":26260,"comment_status":"open","ping_status":"open","sticky":false,"template":"","format":"standard","meta":{"_seopress_robots_primary_cat":"","_seopress_titles_title":"","_seopress_titles_desc":"","_seopress_robots_index":"","_themeisle_gutenberg_block_has_review":false,"footnotes":""},"categories":[48],"tags":[187],"class_list":["post-26258","post","type-post","status-publish","format-standard","has-post-thumbnail","hentry","category-provinciales","tag-pymes"],"_links":{"self":[{"href":"https:\/\/www.almargenweb.com.ar\/web\/wp-json\/wp\/v2\/posts\/26258","targetHints":{"allow":["GET"]}}],"collection":[{"href":"https:\/\/www.almargenweb.com.ar\/web\/wp-json\/wp\/v2\/posts"}],"about":[{"href":"https:\/\/www.almargenweb.com.ar\/web\/wp-json\/wp\/v2\/types\/post"}],"author":[{"embeddable":true,"href":"https:\/\/www.almargenweb.com.ar\/web\/wp-json\/wp\/v2\/users\/13"}],"replies":[{"embeddable":true,"href":"https:\/\/www.almargenweb.com.ar\/web\/wp-json\/wp\/v2\/comments?post=26258"}],"version-history":[{"count":1,"href":"https:\/\/www.almargenweb.com.ar\/web\/wp-json\/wp\/v2\/posts\/26258\/revisions"}],"predecessor-version":[{"id":26261,"href":"https:\/\/www.almargenweb.com.ar\/web\/wp-json\/wp\/v2\/posts\/26258\/revisions\/26261"}],"wp:featuredmedia":[{"embeddable":true,"href":"https:\/\/www.almargenweb.com.ar\/web\/wp-json\/wp\/v2\/media\/26260"}],"wp:attachment":[{"href":"https:\/\/www.almargenweb.com.ar\/web\/wp-json\/wp\/v2\/media?parent=26258"}],"wp:term":[{"taxonomy":"category","embeddable":true,"href":"https:\/\/www.almargenweb.com.ar\/web\/wp-json\/wp\/v2\/categories?post=26258"},{"taxonomy":"post_tag","embeddable":true,"href":"https:\/\/www.almargenweb.com.ar\/web\/wp-json\/wp\/v2\/tags?post=26258"}],"curies":[{"name":"wp","href":"https:\/\/api.w.org\/{rel}","templated":true}]}}