{"id":26255,"date":"2018-06-06T15:11:47","date_gmt":"2018-06-06T18:11:47","guid":{"rendered":"http:\/\/www.almargenweb.com.ar\/web\/?p=26255"},"modified":"2018-06-06T15:11:47","modified_gmt":"2018-06-06T18:11:47","slug":"la-provincia-invita-a-poetas-a-participar-de-la-segunda-residencia-del-26-festival-internacional-de-poesia","status":"publish","type":"post","link":"https:\/\/www.almargenweb.com.ar\/web\/la-provincia-invita-a-poetas-a-participar-de-la-segunda-residencia-del-26-festival-internacional-de-poesia\/","title":{"rendered":"LA PROVINCIA INVITA A POETAS A PARTICIPAR DE LA SEGUNDA RESIDENCIA DEL 26\u00b0 FESTIVAL INTERNACIONAL DE POES\u00cdA"},"content":{"rendered":"<p>El Ministerio de Innovaci\u00f3n y Cultura de la provincia, junto a la secretar\u00eda de Cultura y Educaci\u00f3n de la Municipalidad de Rosario y el Centro Cultural Parque de Espa\u00f1a, convocan a j\u00f3venes poetas a inscribirse para formar parte de la segunda residencia del 26\u00b0 Festival Internacional de Poes\u00eda de Rosario (FIPR), que tendr\u00e1 lugar del 17 al 22 de septiembre.<\/p>\n<p>La convocatoria est\u00e1 abierta desde el 4 de junio al 20 de julio y es para personas de entre 18 y 25 a\u00f1os de Bolivia, Chile, Paraguay, Per\u00fa, Uruguay y la Argentina. Los interesados deber\u00e1n enviar un correo electr\u00f3nico a residencia@fipr.com.ar que tenga como \u201casunto\u201d su nombre propio y ciudad de residencia.<\/p>\n<p>El correo deber\u00e1 incluir los siguientes datos en dos archivos adjuntos:<\/p>\n<p>&gt;&gt; Archivo con datos personales (lugar y fecha de nacimiento, ciudad\/provincia\/pa\u00eds de residencia, tel\u00e9fono, correo electr\u00f3nico, publicaciones \u2013en caso de que las hubiese\u2013, blogs, sitios web, etc.) y una muestra de su producci\u00f3n po\u00e9tica (entre 10 y 15 poemas, que podr\u00e1n ser escritos, visuales, videopoemas o en cualquier formato que consideren pertinente).<\/p>\n<p>&gt;&gt; Imagen escaneada \u2013clara y legible\u2013 del documento de identidad.<\/p>\n<p>Los resultados de la convocatoria estar\u00e1n a partir del 20 de agosto en las redes sociales del FIPR. Adem\u00e1s, se enviar\u00e1 una comunicaci\u00f3n por correo electr\u00f3nico a cada uno de los seleccionados. Los seleccionados ser\u00e1n becadas\/os para formar parte de una experiencia de convivencia, formaci\u00f3n y reflexi\u00f3n, participaci\u00f3n de talleres, encuentros con poetas y editores, lecturas y visitas a instituciones culturales. Adem\u00e1s, la organizaci\u00f3n cubrir\u00e1 pasajes terrestres de ida y vuelta, alojamiento y comida durante los d\u00edas de la Residencia.<\/p>\n<p>Para consultar bases y condiciones, ingresar\u00a0<a href=\"https:\/\/www.rosario.gov.ar\/web\/sites\/default\/files\/res_217.pdf\">aqu\u00ed.<\/a><\/p>\n<!-- AddThis Advanced Settings generic via filter on the_content --><!-- AddThis Share Buttons generic via filter on the_content -->","protected":false},"excerpt":{"rendered":"<p>El Ministerio de Innovaci\u00f3n y Cultura de la provincia, junto a la secretar\u00eda de Cultura y [&hellip;]<!-- AddThis Advanced Settings generic via filter on get_the_excerpt --><!-- AddThis Share Buttons generic via filter on get_the_excerpt --><\/p>\n","protected":false},"author":13,"featured_media":26256,"comment_status":"open","ping_status":"open","sticky":false,"template":"","format":"standard","meta":{"_seopress_robots_primary_cat":"","_seopress_titles_title":"","_seopress_titles_desc":"","_seopress_robots_index":"","_themeisle_gutenberg_block_has_review":false,"footnotes":""},"categories":[3,48],"tags":[186],"class_list":["post-26255","post","type-post","status-publish","format-standard","has-post-thumbnail","hentry","category-cultura","category-provinciales","tag-poesia"],"_links":{"self":[{"href":"https:\/\/www.almargenweb.com.ar\/web\/wp-json\/wp\/v2\/posts\/26255","targetHints":{"allow":["GET"]}}],"collection":[{"href":"https:\/\/www.almargenweb.com.ar\/web\/wp-json\/wp\/v2\/posts"}],"about":[{"href":"https:\/\/www.almargenweb.com.ar\/web\/wp-json\/wp\/v2\/types\/post"}],"author":[{"embeddable":true,"href":"https:\/\/www.almargenweb.com.ar\/web\/wp-json\/wp\/v2\/users\/13"}],"replies":[{"embeddable":true,"href":"https:\/\/www.almargenweb.com.ar\/web\/wp-json\/wp\/v2\/comments?post=26255"}],"version-history":[{"count":1,"href":"https:\/\/www.almargenweb.com.ar\/web\/wp-json\/wp\/v2\/posts\/26255\/revisions"}],"predecessor-version":[{"id":26257,"href":"https:\/\/www.almargenweb.com.ar\/web\/wp-json\/wp\/v2\/posts\/26255\/revisions\/26257"}],"wp:featuredmedia":[{"embeddable":true,"href":"https:\/\/www.almargenweb.com.ar\/web\/wp-json\/wp\/v2\/media\/26256"}],"wp:attachment":[{"href":"https:\/\/www.almargenweb.com.ar\/web\/wp-json\/wp\/v2\/media?parent=26255"}],"wp:term":[{"taxonomy":"category","embeddable":true,"href":"https:\/\/www.almargenweb.com.ar\/web\/wp-json\/wp\/v2\/categories?post=26255"},{"taxonomy":"post_tag","embeddable":true,"href":"https:\/\/www.almargenweb.com.ar\/web\/wp-json\/wp\/v2\/tags?post=26255"}],"curies":[{"name":"wp","href":"https:\/\/api.w.org\/{rel}","templated":true}]}}