{"id":26242,"date":"2018-06-06T12:07:19","date_gmt":"2018-06-06T15:07:19","guid":{"rendered":"http:\/\/www.almargenweb.com.ar\/web\/?p=26242"},"modified":"2018-06-06T13:04:01","modified_gmt":"2018-06-06T16:04:01","slug":"desde-menem-no-estamos-asi","status":"publish","type":"post","link":"https:\/\/www.almargenweb.com.ar\/web\/desde-menem-no-estamos-asi\/","title":{"rendered":"&#8220;DESDE MENEM NO ESTAMOS AS\u00cd&#8221;"},"content":{"rendered":"<p>El responsable de la firma asegura que los problemas se agudizaron a fines del 2015. La firma ya redujo su personal m\u00e1s del 30 por ciento y la producci\u00f3n disminuy\u00f3 un 15 por ciento. &#8220;Es una empresa vieja y tenemos experiencia, pero la s\u00edntesis es que hay que achicarse&#8221;.<\/p>\n<div class=\"article-text\">\n<p>Emblem\u00e1tica y \u00fanica en Latinoam\u00e9rica, la Cristaler\u00eda San Carlos atraviesa una de sus peores crisis. &#8220;Estamos muy apretados, hace 25 a\u00f1os, desde la mitad del mandato de (Carlos) Menem, que no pas\u00e1bamos una situaci\u00f3n as\u00ed, tenemos que pedir plazos para pagar boletas de luz y gas&#8221;, grafic\u00f3 elocuente su gerente general Ricardo Gaminara. El responsable de la firma asegura que los problemas se agudizaron a fines del 2015, cuando asumi\u00f3 Mauricio Macri la presidencia. Desde el 10 de diciembre redujo su personal m\u00e1s del 30 por ciento y la producci\u00f3n disminuy\u00f3 un 15 por ciento. &#8220;Es una empresa vieja y tenemos experiencia, tratamos de infundirles a los j\u00f3venes que aguanten y aguanten, pero la s\u00edntesis es que hay que achicarse&#8221;, describi\u00f3 Gaminara.<\/p>\n<p>La Cristaler\u00eda San Carlos cumple 70 a\u00f1os de vida en 2019. Fue pionera en la regi\u00f3n y uno de los motores que junto a otras industrias contribuyo para hacer de San Carlos Centro, un importante polo generador de trabajo del centro santafesino. Al igual que otros oficios artesanales encuadrados dentro de las artes menores, en este, los conocimientos tambi\u00e9n son legados de padres a hijos. En la actualidad conviven trabajando en forma mancomunada cuatro generaciones de artesanos. Dentro de Am\u00e9rica Latina es una de las empresas m\u00e1s completas, no solo por el n\u00famero de artesanos que all\u00ed se congregan, sino por la cantidad de trabajos que pueden hacer al mismo tiempo, junto con diversas t\u00e9cnicas. A nivel internacional, la Cristaler\u00eda compite con empresas que tienen de 400 a 500 a\u00f1os de antig\u00fcedad. En el a\u00f1o 2013 la C\u00e1mara de Diputados de la Naci\u00f3n convirti\u00f3 en ley la declaraci\u00f3n de la Ciudad de San Carlos Centro como Capital Nacional del Cristal Artesanal.<\/p>\n<p>Los lauros de la firma se cuentan a montones. Pero atraviesa una situaci\u00f3n cr\u00edtica, comprometida. &#8220;Tenemos la cadena de pagos totalmente cortada, la venta no ha disminuido tanto, pero s\u00ed bastante en relaci\u00f3n a los a\u00f1os buenos, pero las cobranzas est\u00e1n mal\u00edsimas. La situaci\u00f3n es muy problem\u00e1tica, el 10 de diciembre de 2015 ten\u00edamos 126 oficializadas y hoy menos de 90, la producci\u00f3n se disminuy\u00f3 un 15 por ciento y se tuvo que eliminar servicios que d\u00e1bamos a la producci\u00f3n&#8221;, enumera sin cesar Gaminara.<\/p>\n<p>La Cristaler\u00eda tambi\u00e9n se vio afectada por el proceso de apertura de importaciones que comenz\u00f3 hace menos de tres a\u00f1os. &#8220;El producto que entra es de mala calidad, pero muy barato, con lo cual la gente, ante una elecci\u00f3n, est\u00e1 comprando cosas baratas, de mala calidad y ese mercado se ve resentido. Pero m\u00e1s problem\u00e1tico que la apertura de la importaci\u00f3n es la ca\u00edda en el ingreso de la gente. Hay una gran transferencia de dinero y recursos que antes se pod\u00edan destinar al consumo privado y que hoy se los llevan todos los servicios, energ\u00eda, gas, luz, la comida misma, no hay plata para destinara nada&#8221;, lamenta el gerente.<\/p>\n<p>Gaminara cuenta que la empresa no es &#8220;electro dependiente&#8221;, pero s\u00ed &#8220;gas dependiente&#8221;. En cuanto a la energ\u00eda, tomaron medidas para reducir en efecto el consumo en un 30 por ciento. Pero la factura de gas natural la abonan en d\u00f3lares &#8220;desde hace a\u00f1os&#8221;, punto que genera una &#8220;impresibilidad muy grande en los costos&#8221;. &#8220;Con un plazo de venta de hasta seis y ocho meses, con un d\u00f3lar que mueve todos y un proveedor que quiere cobr\u00e1rselo anticipado, es muy dif\u00edcil trabajar. Con la dolarizaci\u00f3n que han hecho de los costos internos en Argentina, trabajar con el mercado interno se torn\u00f3 imposible&#8221;, asegura el directivo. Por primera vez en sus 69 a\u00f1os de historia, la Cristaler\u00eda recurri\u00f3 a pedidos de pago especial ante la Empresa Provincial de la Energ\u00eda (EPE). Ahora pagan la factura de luz en dos o tres veces.<\/p>\n<p>-\u2011 <strong>\u00bfPor qu\u00e9 dice que la situaci\u00f3n se torn\u00f3 m\u00e1s cr\u00edtica desde que asumi\u00f3 el gobierno actual?<\/strong><\/p>\n<p>-\u2011 Apenas gan\u00f3 el gobierno que hoy maneja los destinos del pa\u00eds, sabiendo la gente que est\u00e1, uno ya ten\u00eda una idea de qu\u00e9 decisiones iban a tomar, y no nos equivocamos. Autom\u00e1ticamente se apag\u00f3 un horno en ese momento y se empez\u00f3 a licenciar el personal. A los jubilados no se los repuso. Tratamos de encontrar nuevos mercados, pero con una tasa de inter\u00e9s como la que est\u00e1 hoy y los costos de tarifa, es muy dif\u00edcil que alguien venga y consuma algo.<\/p>\n<p>-\u2011<strong> \u00bfQu\u00e9 estima a futuro?<\/strong><\/p>\n<p>-\u2011 No creo que dure m\u00e1s de tres meses esta situaci\u00f3n. Todas las PYME que uno conoce est\u00e1n todas en la misma situaci\u00f3n, va a ser muy dif\u00edcil pagar los sueldos del mes de junio, muy dif\u00edcil poder pagar los impuestos, las facturas de servicios, y la gente se est\u00e1 desanimando. Esta es una empresa vieja y tenemos experiencia, tratamos de infundirles a los j\u00f3venes que aguanten y aguanten, pero la s\u00edntesis es que hay que achicarse. Nuestro mayor capital es el humano y tener que dejar gente en la casa es terrible, es como parar una m\u00e1quina. Pero hoy todas las empresas, para defender la empresa, terminan afectando la fuente de trabajo.<\/p>\n<\/div>\n<p>&nbsp;<\/p>\n<p>&nbsp;<\/p>\n<p>&nbsp;<\/p>\n<p>Fuente: Pagina 12<\/p>\n<!-- AddThis Advanced Settings generic via filter on the_content --><!-- AddThis Share Buttons generic via filter on the_content -->","protected":false},"excerpt":{"rendered":"<p>El responsable de la firma asegura que los problemas se agudizaron a fines del 2015. La [&hellip;]<!-- AddThis Advanced Settings generic via filter on get_the_excerpt --><!-- AddThis Share Buttons generic via filter on get_the_excerpt --><\/p>\n","protected":false},"author":13,"featured_media":26251,"comment_status":"open","ping_status":"open","sticky":false,"template":"","format":"standard","meta":{"_seopress_robots_primary_cat":"","_seopress_titles_title":"","_seopress_titles_desc":"","_seopress_robots_index":"","_themeisle_gutenberg_block_has_review":false,"footnotes":""},"categories":[20,5,21],"tags":[],"class_list":["post-26242","post","type-post","status-publish","format-standard","has-post-thumbnail","hentry","category-departamentales","category-economia","category-las-colonias"],"_links":{"self":[{"href":"https:\/\/www.almargenweb.com.ar\/web\/wp-json\/wp\/v2\/posts\/26242","targetHints":{"allow":["GET"]}}],"collection":[{"href":"https:\/\/www.almargenweb.com.ar\/web\/wp-json\/wp\/v2\/posts"}],"about":[{"href":"https:\/\/www.almargenweb.com.ar\/web\/wp-json\/wp\/v2\/types\/post"}],"author":[{"embeddable":true,"href":"https:\/\/www.almargenweb.com.ar\/web\/wp-json\/wp\/v2\/users\/13"}],"replies":[{"embeddable":true,"href":"https:\/\/www.almargenweb.com.ar\/web\/wp-json\/wp\/v2\/comments?post=26242"}],"version-history":[{"count":3,"href":"https:\/\/www.almargenweb.com.ar\/web\/wp-json\/wp\/v2\/posts\/26242\/revisions"}],"predecessor-version":[{"id":26250,"href":"https:\/\/www.almargenweb.com.ar\/web\/wp-json\/wp\/v2\/posts\/26242\/revisions\/26250"}],"wp:featuredmedia":[{"embeddable":true,"href":"https:\/\/www.almargenweb.com.ar\/web\/wp-json\/wp\/v2\/media\/26251"}],"wp:attachment":[{"href":"https:\/\/www.almargenweb.com.ar\/web\/wp-json\/wp\/v2\/media?parent=26242"}],"wp:term":[{"taxonomy":"category","embeddable":true,"href":"https:\/\/www.almargenweb.com.ar\/web\/wp-json\/wp\/v2\/categories?post=26242"},{"taxonomy":"post_tag","embeddable":true,"href":"https:\/\/www.almargenweb.com.ar\/web\/wp-json\/wp\/v2\/tags?post=26242"}],"curies":[{"name":"wp","href":"https:\/\/api.w.org\/{rel}","templated":true}]}}