{"id":26238,"date":"2018-06-06T11:46:55","date_gmt":"2018-06-06T14:46:55","guid":{"rendered":"http:\/\/www.almargenweb.com.ar\/web\/?p=26238"},"modified":"2018-06-06T11:46:55","modified_gmt":"2018-06-06T14:46:55","slug":"visita-del-vicegobernador-carlos-fascendini-a-franck","status":"publish","type":"post","link":"https:\/\/www.almargenweb.com.ar\/web\/visita-del-vicegobernador-carlos-fascendini-a-franck\/","title":{"rendered":"VISITA DEL VICEGOBERNADOR CARLOS FASCENDINI A FRANCK"},"content":{"rendered":"<p>Este lunes el vicegobernador de la provincia, Carlos Fascendini, se reuni\u00f3 con el presidente Javier Enrico y miembros de comisi\u00f3n comunal, donde conversaron acerca de obras y proyectos, como as\u00ed tambi\u00e9n, en la rica vida institucional de la localidad.<\/p>\n<p>En este sentido, las autoridades se acercaron al nuevo edificio de la Biblioteca Mariano Moreno en donde fueron recibidos por miembros de dicha instituci\u00f3n.<\/p>\n<p>All\u00ed, el vicegobernador conoci\u00f3 todos los trabajos que vienen realizando para la pronta inauguraci\u00f3n de la nueva sede institucional y se comprometi\u00f3 a colaborar con un aporte econ\u00f3mico desde la C\u00e1mara de Senadores de la provincia.<\/p>\n<p>&nbsp;<\/p>\n<p>&nbsp;<\/p>\n<p>Fuente: El Cronista de Las Colonias.<\/p>\n<!-- AddThis Advanced Settings generic via filter on the_content --><!-- AddThis Share Buttons generic via filter on the_content -->","protected":false},"excerpt":{"rendered":"<p>Este lunes el vicegobernador de la provincia, Carlos Fascendini, se reuni\u00f3 con el presidente Javier Enrico [&hellip;]<!-- AddThis Advanced Settings generic via filter on get_the_excerpt --><!-- AddThis Share Buttons generic via filter on get_the_excerpt --><\/p>\n","protected":false},"author":13,"featured_media":26239,"comment_status":"open","ping_status":"open","sticky":false,"template":"","format":"standard","meta":{"_seopress_robots_primary_cat":"","_seopress_titles_title":"","_seopress_titles_desc":"","_seopress_robots_index":"","_themeisle_gutenberg_block_has_review":false,"footnotes":""},"categories":[21],"tags":[],"class_list":["post-26238","post","type-post","status-publish","format-standard","has-post-thumbnail","hentry","category-las-colonias"],"_links":{"self":[{"href":"https:\/\/www.almargenweb.com.ar\/web\/wp-json\/wp\/v2\/posts\/26238","targetHints":{"allow":["GET"]}}],"collection":[{"href":"https:\/\/www.almargenweb.com.ar\/web\/wp-json\/wp\/v2\/posts"}],"about":[{"href":"https:\/\/www.almargenweb.com.ar\/web\/wp-json\/wp\/v2\/types\/post"}],"author":[{"embeddable":true,"href":"https:\/\/www.almargenweb.com.ar\/web\/wp-json\/wp\/v2\/users\/13"}],"replies":[{"embeddable":true,"href":"https:\/\/www.almargenweb.com.ar\/web\/wp-json\/wp\/v2\/comments?post=26238"}],"version-history":[{"count":2,"href":"https:\/\/www.almargenweb.com.ar\/web\/wp-json\/wp\/v2\/posts\/26238\/revisions"}],"predecessor-version":[{"id":26241,"href":"https:\/\/www.almargenweb.com.ar\/web\/wp-json\/wp\/v2\/posts\/26238\/revisions\/26241"}],"wp:featuredmedia":[{"embeddable":true,"href":"https:\/\/www.almargenweb.com.ar\/web\/wp-json\/wp\/v2\/media\/26239"}],"wp:attachment":[{"href":"https:\/\/www.almargenweb.com.ar\/web\/wp-json\/wp\/v2\/media?parent=26238"}],"wp:term":[{"taxonomy":"category","embeddable":true,"href":"https:\/\/www.almargenweb.com.ar\/web\/wp-json\/wp\/v2\/categories?post=26238"},{"taxonomy":"post_tag","embeddable":true,"href":"https:\/\/www.almargenweb.com.ar\/web\/wp-json\/wp\/v2\/tags?post=26238"}],"curies":[{"name":"wp","href":"https:\/\/api.w.org\/{rel}","templated":true}]}}