{"id":26234,"date":"2018-06-06T10:57:58","date_gmt":"2018-06-06T13:57:58","guid":{"rendered":"http:\/\/www.almargenweb.com.ar\/web\/?p=26234"},"modified":"2018-06-06T12:17:26","modified_gmt":"2018-06-06T15:17:26","slug":"cammisi-con-presidentes-comunales-de-las-colonias","status":"publish","type":"post","link":"https:\/\/www.almargenweb.com.ar\/web\/cammisi-con-presidentes-comunales-de-las-colonias\/","title":{"rendered":"CAMMISI CON PRESIDENTES COMUNALES DE SAN JER\u00d3NIMO DEL SAUCE Y SAN CARLOS SUD"},"content":{"rendered":"<p>El Coordinador de la Secretar\u00eda del \u00c1rea Metropolitana del Gran Santa Fe, mantuvo un encuentro con el titular del Ejecutivo de San Jer\u00f3nimo del Sauce, donde repasaron los avances del proyecto del parque industrial. Adem\u00e1s en San Carlos Sud, dialog\u00f3 con el Jefe Comunal Santiago Walker sobre el Programa \u201cBuenas Pr\u00e1cticas\u201d.<\/p>\n<p>Esta semana el\u00a0Coordinador de la Secretar\u00eda del \u00c1rea Metropolitana del Gran Santa Fe, Cristian Cammisi mantuvo encuentros con autoridades comunales de la regi\u00f3n.<\/p>\n<p>En San Jer\u00f3nimo del Sauce se reuni\u00f3 con el presidente comunal Daniel R\u00edos, con quien analiz\u00f3 los avances del proyecto que busca crear un \u00c1rea Industrial, a la vera de la Autov\u00eda 19.<\/p>\n<p>Adem\u00e1s de continuar con los proyectos que buscan la radicaci\u00f3n de empresas en la localidad.<\/p>\n<p>En tanto en San Carlos Sud, junto al titular del Ejecutivo local Santiago Walker,\u00a0charlaron sobre obras en la localidad y el avance del Programa \u201cBuenas Pr\u00e1cticas\u201d.<\/p>\n<p>Vale destacar que el Programa Buenas Pr\u00e1cticas, impulsado por el Ministerio de Desarrollo Social, se orienta a atender las diferentes problem\u00e1ticas que presentan los gobiernos locales y las organizaciones de la sociedad civil, mediante una estrategia de intervenci\u00f3n diversificada.<\/p>\n<p>El mismo contempla las particularidades regionales y locales, y est\u00e1 orientado a generar mejoras de infraestructura, equipamiento y capacitaci\u00f3n para los espacios sociales donde se desarrollan iniciativas de tipo comunitarias (recreativas, culturales, asistenciales, habitacionales), con el fin de atender a los sectores de la poblaci\u00f3n con mayores indicadores de vulnerabilidad social y con diversas carencias.<\/p>\n<p>&nbsp;<\/p>\n<p>&nbsp;<\/p>\n<p>Fuente: El Cronista de Las Colonias.<\/p>\n<!-- AddThis Advanced Settings generic via filter on the_content --><!-- AddThis Share Buttons generic via filter on the_content -->","protected":false},"excerpt":{"rendered":"<p>El Coordinador de la Secretar\u00eda del \u00c1rea Metropolitana del Gran Santa Fe, mantuvo un encuentro con [&hellip;]<!-- AddThis Advanced Settings generic via filter on get_the_excerpt --><!-- AddThis Share Buttons generic via filter on get_the_excerpt --><\/p>\n","protected":false},"author":13,"featured_media":26235,"comment_status":"open","ping_status":"open","sticky":false,"template":"","format":"standard","meta":{"_seopress_robots_primary_cat":"","_seopress_titles_title":"","_seopress_titles_desc":"","_seopress_robots_index":"","_themeisle_gutenberg_block_has_review":false,"footnotes":""},"categories":[2,20,21],"tags":[],"class_list":["post-26234","post","type-post","status-publish","format-standard","has-post-thumbnail","hentry","category-actualidad","category-departamentales","category-las-colonias"],"_links":{"self":[{"href":"https:\/\/www.almargenweb.com.ar\/web\/wp-json\/wp\/v2\/posts\/26234","targetHints":{"allow":["GET"]}}],"collection":[{"href":"https:\/\/www.almargenweb.com.ar\/web\/wp-json\/wp\/v2\/posts"}],"about":[{"href":"https:\/\/www.almargenweb.com.ar\/web\/wp-json\/wp\/v2\/types\/post"}],"author":[{"embeddable":true,"href":"https:\/\/www.almargenweb.com.ar\/web\/wp-json\/wp\/v2\/users\/13"}],"replies":[{"embeddable":true,"href":"https:\/\/www.almargenweb.com.ar\/web\/wp-json\/wp\/v2\/comments?post=26234"}],"version-history":[{"count":4,"href":"https:\/\/www.almargenweb.com.ar\/web\/wp-json\/wp\/v2\/posts\/26234\/revisions"}],"predecessor-version":[{"id":26248,"href":"https:\/\/www.almargenweb.com.ar\/web\/wp-json\/wp\/v2\/posts\/26234\/revisions\/26248"}],"wp:featuredmedia":[{"embeddable":true,"href":"https:\/\/www.almargenweb.com.ar\/web\/wp-json\/wp\/v2\/media\/26235"}],"wp:attachment":[{"href":"https:\/\/www.almargenweb.com.ar\/web\/wp-json\/wp\/v2\/media?parent=26234"}],"wp:term":[{"taxonomy":"category","embeddable":true,"href":"https:\/\/www.almargenweb.com.ar\/web\/wp-json\/wp\/v2\/categories?post=26234"},{"taxonomy":"post_tag","embeddable":true,"href":"https:\/\/www.almargenweb.com.ar\/web\/wp-json\/wp\/v2\/tags?post=26234"}],"curies":[{"name":"wp","href":"https:\/\/api.w.org\/{rel}","templated":true}]}}