{"id":26217,"date":"2018-06-05T13:50:35","date_gmt":"2018-06-05T16:50:35","guid":{"rendered":"http:\/\/www.almargenweb.com.ar\/web\/?p=26217"},"modified":"2018-06-05T13:50:35","modified_gmt":"2018-06-05T16:50:35","slug":"por-el-dia-del-medio-ambiente-liberaron-yacares-en-isleta-la-linda","status":"publish","type":"post","link":"https:\/\/www.almargenweb.com.ar\/web\/por-el-dia-del-medio-ambiente-liberaron-yacares-en-isleta-la-linda\/","title":{"rendered":"POR EL DIA DEL MEDIO AMBIENTE LIBERARON YACAR\u00c9S EN ISLETA LA LINDA"},"content":{"rendered":"<p class=\"selectionShareable\">El 5 de Junio de 1972 se celebr\u00f3 en Estocolmo la primera reuni\u00f3n en la historia de la ONU en tratar temas relacionados al Ambiente: fue la \u201cConferencia de Naciones Unidas sobre el Medio Ambiente Humano\u201d.A partir de all\u00ed, se decidi\u00f3 celebrar todos los 5 de Junio el \u201cD\u00eda del Medio Ambiente\u201d.<\/p>\n<p class=\"selectionShareable\">\n<p class=\"selectionShareable\">Durante el desarrollo de esa reuni\u00f3n, tambi\u00e9n recordada como la \u201cCumbre de la Tierra\u201d, se redact\u00f3 una serie de principios que se deben perpetuar.<\/p>\n<p class=\"selectionShareable\">\n<p class=\"selectionShareable\">En ese marco, en el d\u00eda de ayer, la provincia liber\u00f3 yacar\u00e9s en Isleta Linda que ser\u00e1n monitoreados por Recursos Naturales. \u201cEsta liberaci\u00f3n de una parte de los huevo cosechados hace que, por un lado las poblaciones se mantengan y- por otra parte- los pobladores locales mantengan el inter\u00e9s de conservarlos porque hay un inter\u00e9s genuino en este sentido\u201d, expres\u00f3 Alejandro Larriera, subsecretario de Recursos Naturales.<\/p>\n<p class=\"selectionShareable\">\n<p class=\"selectionShareable\">Entre otras actividades, se realiz\u00f3 una bicicleteada regional de la que participaron m\u00e1s de 250 ciclistas que unieron San Jer\u00f3nimo Norte con San Jer\u00f3nimo del Sauce, donde adem\u00e1s, durante el trayecto, se plantaron \u00e1rboles nativos.<\/p>\n<p>&nbsp;<\/p>\n<p>&nbsp;<\/p>\n<p>&nbsp;<\/p>\n<p>Fuente: El Litoral.<\/p>\n<!-- AddThis Advanced Settings generic via filter on the_content --><!-- AddThis Share Buttons generic via filter on the_content -->","protected":false},"excerpt":{"rendered":"<p>El 5 de Junio de 1972 se celebr\u00f3 en Estocolmo la primera reuni\u00f3n en la historia [&hellip;]<!-- AddThis Advanced Settings generic via filter on get_the_excerpt --><!-- AddThis Share Buttons generic via filter on get_the_excerpt --><\/p>\n","protected":false},"author":13,"featured_media":26218,"comment_status":"open","ping_status":"open","sticky":false,"template":"","format":"standard","meta":{"_seopress_robots_primary_cat":"","_seopress_titles_title":"","_seopress_titles_desc":"","_seopress_robots_index":"","_themeisle_gutenberg_block_has_review":false,"footnotes":""},"categories":[164,48],"tags":[],"class_list":["post-26217","post","type-post","status-publish","format-standard","has-post-thumbnail","hentry","category-ambiente","category-provinciales"],"_links":{"self":[{"href":"https:\/\/www.almargenweb.com.ar\/web\/wp-json\/wp\/v2\/posts\/26217","targetHints":{"allow":["GET"]}}],"collection":[{"href":"https:\/\/www.almargenweb.com.ar\/web\/wp-json\/wp\/v2\/posts"}],"about":[{"href":"https:\/\/www.almargenweb.com.ar\/web\/wp-json\/wp\/v2\/types\/post"}],"author":[{"embeddable":true,"href":"https:\/\/www.almargenweb.com.ar\/web\/wp-json\/wp\/v2\/users\/13"}],"replies":[{"embeddable":true,"href":"https:\/\/www.almargenweb.com.ar\/web\/wp-json\/wp\/v2\/comments?post=26217"}],"version-history":[{"count":2,"href":"https:\/\/www.almargenweb.com.ar\/web\/wp-json\/wp\/v2\/posts\/26217\/revisions"}],"predecessor-version":[{"id":26220,"href":"https:\/\/www.almargenweb.com.ar\/web\/wp-json\/wp\/v2\/posts\/26217\/revisions\/26220"}],"wp:featuredmedia":[{"embeddable":true,"href":"https:\/\/www.almargenweb.com.ar\/web\/wp-json\/wp\/v2\/media\/26218"}],"wp:attachment":[{"href":"https:\/\/www.almargenweb.com.ar\/web\/wp-json\/wp\/v2\/media?parent=26217"}],"wp:term":[{"taxonomy":"category","embeddable":true,"href":"https:\/\/www.almargenweb.com.ar\/web\/wp-json\/wp\/v2\/categories?post=26217"},{"taxonomy":"post_tag","embeddable":true,"href":"https:\/\/www.almargenweb.com.ar\/web\/wp-json\/wp\/v2\/tags?post=26217"}],"curies":[{"name":"wp","href":"https:\/\/api.w.org\/{rel}","templated":true}]}}