{"id":26168,"date":"2018-06-03T11:38:22","date_gmt":"2018-06-03T14:38:22","guid":{"rendered":"http:\/\/www.almargenweb.com.ar\/web\/?p=26168"},"modified":"2018-06-03T11:38:22","modified_gmt":"2018-06-03T14:38:22","slug":"el-emblematico-caso-de-violencia-sexual-contra-una-mujer-santafesina-que-llego-a-la-onu","status":"publish","type":"post","link":"https:\/\/www.almargenweb.com.ar\/web\/el-emblematico-caso-de-violencia-sexual-contra-una-mujer-santafesina-que-llego-a-la-onu\/","title":{"rendered":"EL EMBLEMATICO CASO DE VIOLENCIA SEXUAL CONTRA UNA MUJER SANTAFESINA QUE LLEGO A LA ONU"},"content":{"rendered":"<p>Se trata del caso C. E. R., una joven que denunci\u00f3 en 2011 a su padre por violarla a ella y a sus hermanas por a\u00f1os. El juez Chemes no le crey\u00f3 a la v\u00edctima y dej\u00f3 en libertad al acusado. Agrupaciones de mujeres llevaron a la ONU lo sucedido y el organismo internacional concluy\u00f3 en 2014 que el Estado provincial deb\u00eda ejecutar una reparaci\u00f3n hist\u00f3rica que inclu\u00eda un pedido p\u00fablico de disculpas.<\/p>\n<div>En 2011 una joven de 19 a\u00f1os identificada con las iniciales C. E. R. denunci\u00f3 ser v\u00edctima de abuso sexual incestuoso desde los 13 a\u00f1os por parte de su padre, quien adem\u00e1s repet\u00eda su conducta con sus hermanas. El juez de Sentencia en lo Penal de Vera, Nicol\u00e1s Muse Chemes, lo sobresey\u00f3 al considerar que ten\u00eda dudas para luego fallar a favor del imputado. En 2012 la C\u00e1mara de Apelaciones en lo Penal de Vera ratific\u00f3 la sentencia absolutoria del progenitor que qued\u00f3 firme, ya que el fiscal no apel\u00f3 la resoluci\u00f3n. El hombre volvi\u00f3 a su barrio y organiz\u00f3 una fiesta con familiares y vecinos para festejar su libertad. Las v\u00edctimas no fueron notificadas de la sentencia: la conocieron un a\u00f1o despu\u00e9s, y tampoco tuvieron representaci\u00f3n legal.<\/div>\n<div><\/div>\n<div>El caso lleg\u00f3 a la Organizaci\u00f3n de las Naciones Unidas (ONU) de la mano del Comit\u00e9 de Am\u00e9rica latina y El Caribe para la Defensa de los Derechos de la Mujer (Cladem) y del Instituto de G\u00e9nero, Derecho y Desarrollo (Insgenar), que revis\u00f3 el expediente y las sentencias concluyendo que el acusado fue absuelto en base a concepciones discriminatorias, estereotipos de g\u00e9nero y de clase, as\u00ed como la desestimaci\u00f3n constante de los dichos de la v\u00edctima y la valoraci\u00f3n de la prueba aportada, analizada a trav\u00e9s de una mirada justificativa de actitudes violentas. Fue el primer caso del pa\u00eds admitido por la Convenci\u00f3n de la Eliminaci\u00f3n de Todas las Formas de Discriminaci\u00f3n Contra la Mujer (Cedaw) de la ONU, lo que signific\u00f3 que la Justicia no fall\u00f3 conforme a derecho, ni respetando los est\u00e1ndares ni tratados internacionales.<\/div>\n<div><\/div>\n<div>Cedaw decidi\u00f3 tomar una serie de medidas, y en 2014 Insgenar y Cladem acordaron iniciar una agenda para una reparaci\u00f3n hist\u00f3rica con el gobierno de Santa Fe a trav\u00e9s de donde, entre otras cosas, se solicita la capacitaci\u00f3n y formaci\u00f3n de los integrantes del Poder Judicial provincial y todos los entes del Estado; la capacitaci\u00f3n a medios de comunicaci\u00f3n para resguardar la intimidad de las v\u00edctimas en casos de violencia sexual, y un acto p\u00fablico de pedido de disculpas por parte del Estado. Adem\u00e1s se acord\u00f3 una soluci\u00f3n habitacional y laboral a C. E. R., una indemnizaci\u00f3n de da\u00f1o material y moral de la v\u00edctima y el arreglo de su dentadura.<\/div>\n<div><\/div>\n<div>El acuerdo luego se alcanz\u00f3 en 2016 en el marco del Decreto 2.234\/16 del gobierno provincial, con relaci\u00f3n a la soluci\u00f3n amistosa de la comunicaci\u00f3n 63\/2013 del Registro del Comit\u00e9 para la Eliminaci\u00f3n de la Discriminaci\u00f3n contra la Mujer de la Organizaci\u00f3n de las Naciones Unidas (ONU).<\/div>\n<div><\/div>\n<div>Al d\u00eda de hoy, la referente de Insgenar, Susana Chiarotti, relata: &#8220;El acto de pedido de disculpas y asumir responsabilidad de parte del Estado provincial no se hizo. Seguimos peleando por eso. Tenemos una mesa de di\u00e1logo con la Secretar\u00eda de Derechos Humanos que vienen postergando desde hace bastante el tema de la indemnizaci\u00f3n que no quieren cubrir lo que nosotras hab\u00edamos pedido, que era bastante moderado y nos la fueron ofertando como si fuera un regateo a una suma \u00ednfima. Lo que nosotras planteamos es que es una cuesti\u00f3n reparatoria integral y simb\u00f3lica; entonces por un lado tenemos esto que todav\u00eda no se pag\u00f3 y por otro lado, tenemos el tema de la capacitaci\u00f3n al Poder Judicial, que va muy lenta&#8221;.<\/div>\n<div><\/div>\n<div>Sobre la formaci\u00f3n de las autoridades, Chiarotti resalt\u00f3: &#8220;Se han hecho algunos seminarios pero los jueces no concurren. Nosotras necesitamos que todos los operadores judiciales est\u00e9n formados con perspectiva de g\u00e9nero y conozcan de violencia contra las mujeres, de abuso sexual incestuoso y abuso sexual infantil. Queremos para fiscales y jueces, una capacitaci\u00f3n integral. Porque si no se van a volver a repetir casos y estamos frente a situaciones de abuso sexual incestuoso contra ni\u00f1as que se ha visto naturalizado en el norte de nuestra provincia y que tiene un nivel de impunidad muy alto. Si queremos justicia all\u00ed, es casi imposible&#8221;.<\/div>\n<div><\/div>\n<div>Lo que preocupa a las organizaciones que luchan por los derechos de las mujeres es el accionar de las autoridades al momento de tratar casos de mujeres violentadas en contextos machistas en la provincia de Santa Fe. Muchos jueces, fiscales y polic\u00edas \u2013que son los que primeros entran en contacto con las v\u00edctimas\u2013 de manera frecuente desestiman los testimonios con excusas infundadas como que se quiere da\u00f1ar la reputaci\u00f3n del hombre o que las mujeres suelen decir mentiras para llegar a un objetivo demon\u00edaco a\u00fan no descubierto, como dinero, bienes, resentimiento o venganza, a la hora ya sea de tomar una denuncia como de investigar el hecho. Todos prejuicios nutridos en una sociedad patriarcal resistente y sin capacidad de reflexi\u00f3n. Se destaca que para que se logre efectivamente el Ni Una Menos es necesario replantear en el sistema judicial un cambio de paradigma con perspectiva de g\u00e9nero.<\/div>\n<div><\/div>\n<div>Son varios los casos que se pueden nombrar en el \u00faltimo tiempo: hace pocas semanas Manuel D\u00edaz recibi\u00f3 la mitad de la condena solicitada por la fiscal\u00eda por violar a su hija porque se le descart\u00f3 uno de los abusos; las v\u00edctimas del sacerdote de\u00a0<a class=\"agrupador\" href=\"http:\/\/www.unosantafe.com.ar\/reconquista-a3228\" rel=\"3228\">Reconquista<\/a>, N\u00e9stor Monz\u00f3n, a dos a\u00f1os de la primera denuncia a\u00fan esperan fecha para el juicio; y la desaparici\u00f3n de\u00a0<a class=\"agrupador\" href=\"http:\/\/www.unosantafe.com.ar\/rosalia-jara-a9960\" rel=\"9960\">Rosal\u00eda Jara<\/a>, en el que hasta se allanaron propiedades de polic\u00edas que participaron en la b\u00fasqueda, solo por mencionar algunos de los casos m\u00e1s resonantes que dejaron en evidencia el d\u00e9ficit en el accionar judicial y policial.<\/div>\n<div><\/div>\n<div>&#8220;Est\u00e1 todo armado para que el abusador salga en libertad. As\u00ed que si los jueces no tienen un poco de sensibilidad como para ver otros indicadores de abuso, todos quedan libres, los delitos quedan impunes y se les arruina la vida a muchos ni\u00f1os y ni\u00f1as&#8221;, explic\u00f3 la referente de Insgenar. En relaci\u00f3n al caso de D\u00edaz coment\u00f3: &#8220;No me extra\u00f1a de la Justicia de Vera. Tuvimos varios casos donde la corporaci\u00f3n judicial se protege a s\u00ed misma. Garantizan que si los perpetradores tienen alg\u00fan tipo de poder, aunque sea m\u00ednimo, van a lograr que quede impune. Me parece que el Poder Judicial de la provincia tiene que revisar mucho, y deber\u00edamos empezar de cero, desde la facultad de derecho para tener abogados y abogadas que miren con otra perspectiva&#8221;, agreg\u00f3.<\/div>\n<div><\/div>\n<div>Por su parte, Mar\u00eda Gabriela Filoni, referente de Cladem, opin\u00f3: &#8220;El estudio del caso C. E. R. y de otros que conocimos tiene que ver con las concepciones discriminatorias, los estereotipos de g\u00e9nero, de clase, la desestimaci\u00f3n constante de los dichos de las v\u00edctimas y la valoraci\u00f3n de las pruebas que hacen los jueces. Hemos encontrado esto en otros casos y tambi\u00e9n en otras provincias pero muy fuertemente en el norte de Santa Fe donde no les creen a las v\u00edctimas, las revictimizan haci\u00e9ndolas pasar por constantes declaraciones, entonces, despu\u00e9s la defensa dice que se contradicen en sus dichos cuando lo que pas\u00f3 es que tuvieron que repetir lo mismo dos o cuatro veces en estado de shock&#8221;.<\/div>\n<div><\/div>\n<div>&#8220;El tema de la resistencia, \u00bfhasta qu\u00e9 punto tendr\u00edan que haberse resistido? Cuando por supuesto hay diferencias de tama\u00f1os y de edad. Hemos tenido casos donde eran tres abusadores adultos contra una ni\u00f1a de 15 a\u00f1os y el juez dice: &#8220;Bueno, pero podr\u00eda haberse resistido m\u00e1s&#8221;, cuando todos los tratados internacionales nos dicen que no es necesario probar de ninguna manera la resistencia. As\u00ed que nosotras creemos que en esos estereotipos y escenas discriminatorias est\u00e1n basados estos tipos de casos, por eso es importante apuntar a la capacitaci\u00f3n de los operadores del sistema de Justicia, y deber\u00eda llegar antes, a la facultad de derecho&#8221;, coincidi\u00f3 Filoni.<\/div>\n<div><\/div>\n<div>Hoy C. E. R. tiene una vivienda de la que no posee escritura y con respecto a lo laboral obtuvo un empleo que le cambi\u00f3 la vida (cuyo contrato venci\u00f3 pero ser\u00e1 renovado). Por las demoras y la falta de respuestas del Estado, su dentadura pudo ser arreglada gracias a organizaciones de mujeres que colaboraron para ayudarla.<\/div>\n<div><\/div>\n<div>Por \u00faltimo, la referente de Insgenar detall\u00f3: &#8220;Lo que encontramos es que hab\u00eda bastante desconocimiento de las leyes en el Poder Judicial de Vera, no se conocen las leyes sobre violencia contra la mujer. El Poder Judicial no tiene ni idea sobre la Ley 26.485 de protecci\u00f3n integral para prevenir, sancionar y erradicar la violencia contra las mujeres, y eso nos pareci\u00f3 bastante grave porque es una ley que tiene un cambio de paradigma. Lo comprob\u00e9 personalmente en di\u00e1logo con ellos cuando nos preguntaron qu\u00e9 ley era esa. Es un indicador de la grave situaci\u00f3n&#8221;.<\/div>\n<div><\/div>\n<div><b>Deuda<\/b><\/div>\n<div>Fuentes del Ejecutivo indicaron a UNO Santa Fe que el pedido de disculpas es espec\u00edficamente una deuda del Poder Judicial. Adem\u00e1s, aclararon que vienen trabajando con C. E. R. en cuanto al cumplimiento del acuerdo que les corresponde para la reparaci\u00f3n hist\u00f3rica.<\/div>\n<div><\/div>\n<div>El director de Acceso a la Justicia y Asistencia Judicial y responsable de los CAJ, Fernando Sirk Marezca indic\u00f3: &#8220;Est\u00e1 todo en tr\u00e1mites administrativos del poder judicial&#8221; y sobre la situaci\u00f3n laboral de C. E. R. asegur\u00f3 que la renovaci\u00f3n del contrato &#8220;ya est\u00e1 firmada por el secretario de Gesti\u00f3n P\u00fablica, Mat\u00edas Figueroa Escauriza&#8221;. Respecto a la vivienda afirm\u00f3: &#8220;Tiene un respaldo jur\u00eddico, seguridad y estabilidad sobre ese tema. Tiene todas las garant\u00edas desde el Ejecutivo. El d\u00eda que se escriture ser\u00e1 a su nombre&#8221;.<\/div>\n<div><\/div>\n<div>En esta l\u00ednea, Mat\u00edas Figueroa Escauriza detall\u00f3 a UNO: &#8220;Est\u00e1 pendiente el sumario administrativo. Se encuentra en v\u00edas de resoluci\u00f3n en el Poder Judicial. Desde el Ejecutivo se avanz\u00f3 hasta donde se pudo, pero se necesita esa resoluci\u00f3n para poder avanzar en una indemnizaci\u00f3n concreta. Es as\u00ed que lo pide la ley. T\u00e9cnicamente no se puede pagar hasta que haya una sanci\u00f3n. Los sumarios son para resolver, no para que queden archivados&#8221;.<\/div>\n<div><\/div>\n<div>Con respecto a las otras cuestiones pendientes, el secretario de Gesti\u00f3n P\u00fablica indic\u00f3: &#8220;Se incorpor\u00f3 en el programa Vuelvo a Estudiar y se le dio una vivienda. Si bien a\u00fan no tiene la titularidad, la casa tiene en el registro de la propiedad una marginal del decreto, que mientras se terminen los tr\u00e1mites es para que se d\u00e9 publicidad registral a terceros, que esa casa es de ella. Nadie puede comprar esa casa&#8221;. Asimismo sobre el trabajo aclar\u00f3: &#8220;Est\u00e1 en blanco, tiene todos los aportes, como es la Caja de Jubilaciones de la provincia y por lo tanto tambi\u00e9n, obra social&#8221;.<\/div>\n<div><\/div>\n<div>&#8220;Se ha abordado bastante pero falta. Siempre falta para poder \u00abdevolver\u00bb algo que nunca le tendr\u00eda que haber ocurrido a esa nena&#8221;, reconoci\u00f3 Figueroa Escauriza.<\/div>\n<div><\/div>\n<div><b>La respuesta del Poder Judicial<\/b><\/div>\n<div>UNO Santa Fe tuvo acceso al dictamen resuelto presentado por la Procuraci\u00f3n General de la\u00a0<a class=\"agrupador\" href=\"http:\/\/www.unosantafe.com.ar\/corte-suprema-justicia-a8500\" rel=\"8500\">Corte Suprema de Justicia<\/a>\u00a0santafesina con fecha del 18 de mayo, posterior a las declaraciones vertidas por el Ejecutivo. En el decreto se acord\u00f3 el inicio de una investigaci\u00f3n administrativa y se efectu\u00f3 un an\u00e1lisis de la conducta de los integrantes del Ministerio P\u00fablico que intervinieron en la causa y una serie de recomendaciones y llamados de atenci\u00f3n. Asimismo, se indic\u00f3 que en el acuerdo no estaba previsto ning\u00fan tipo de sanciones.<\/div>\n<div><\/div>\n<div>Por otro lado, confirmaron a UNO que el juez Nicol\u00e1s Muse Chemes est\u00e1 siendo investigado bajo secreto de sumario aunque no por esta causa. Adem\u00e1s, aseguraron: &#8220;En ninguna parte del acuerdo dice que es el Poder Judicial quien debe pedir disculpas&#8221;.<\/div>\n<div><b>\u00a0<\/b><\/div>\n<div><b>Lo que falta<\/b><\/div>\n<div>Desde la Secretar\u00eda de Derechos Humanos de la provincia aseguraron a UNO que los tr\u00e1mites judiciales est\u00e1n resueltos y que lo \u00fanico pendiente ahora para llegar al acto p\u00fablico de pedido de disculpas y cerrar la reparaci\u00f3n hist\u00f3rica es acordar la indemnizaci\u00f3n. &#8220;Se avanz\u00f3 en las recomendaciones que hizo Cedaw. Por un lado la soluci\u00f3n de la cuesti\u00f3n habitacional y laboral est\u00e1, aunque faltan unas cuestiones formales. Y se est\u00e1 conversando cu\u00e1l ser\u00eda el monto y qu\u00e9 reparaci\u00f3n ser\u00eda. Por otra parte, se realizaron jornadas de capacitaci\u00f3n tanto para medios de prensa y para agentes judiciales que se hizo en Rosario&#8221;, explic\u00f3 Marcelo Trucco, secretario de Derechos Humanos a UNO.<\/div>\n<div><\/div>\n<div>&#8220;Lo que se est\u00e1 viendo tambi\u00e9n es que los organismos m\u00e1s importantes en el tema puedan dar su opini\u00f3n para que se tenga en cuenta las cuestiones de g\u00e9nero a la hora de la selecci\u00f3n del magistrado, para que los futuros jueces y juezas puedan adjudicar estudios con perspectivas de g\u00e9nero&#8221;, agreg\u00f3 Trucco.<\/div>\n<div><\/div>\n<div>Sobre las negociaciones por la indemnizaci\u00f3n, el funcionario indic\u00f3: &#8220;Los montos dependen de muchas cuestiones y en eso estamos trabajando. Estamos teniendo reuniones peri\u00f3dicas con buen di\u00e1logo. La idea ser\u00eda en lo que queda del a\u00f1o poder cerrar todo lo pendiente como para poder darle un marco final a este caso. Lo que queremos destacar es que frente a casos que llegan a organismos internacionales a veces las posiciones de los Estados suelen ser bastantes reticentes. Esto me parece una buena demostraci\u00f3n que podamos conversar, se evitar\u00eda llegar a incumplimientos muchos m\u00e1s grandes cuando hay buena voluntad entre los peticionarios y el Estado&#8221;.<\/div>\n<div><\/div>\n<div>En relaci\u00f3n a las acusaciones desde Insgenar sobre la postura de la secretar\u00eda de regatear y ofertar los montos, Trucco respondi\u00f3: &#8220;De ninguna manera porque entendemos de qu\u00e9 se trata. Ser\u00eda considerar a la mujer como un objeto y no como una persona. Desde ning\u00fan punto de vista lo estamos analizando en ese sentido. La cuesti\u00f3n es que se entienda que es una reparaci\u00f3n, pero que forma parte de un marco de algo mucho m\u00e1s importante. No queremos que se convierta en ese el eje de la discusi\u00f3n. No queremos que se trabe desde el punto de vista econ\u00f3mica, est\u00e1 muy lejos de eso el Estado provincial. No es lo que se vio en las charlas con las organizaciones de mujeres. Han comprendido desde nuestra sinceridad que no es una cuesti\u00f3n num\u00e9rica, ser\u00eda una falta de respeto para la v\u00edctima negociar un n\u00famero por su sufrimiento. Todo lo queremos cerrar antes de fin de a\u00f1o&#8221;.<\/div>\n<div><\/div>\n<div>Finalmente, para el acto de pedido de disculpas Trucco dijo: &#8220;Una vez que podamos cerrar la agenda de medidas reparatorias se har\u00e1&#8221;. Adem\u00e1s agreg\u00f3: &#8220;La idea es hacer un acto donde forme parte Naci\u00f3n, para poder dar cuenta de todo lo trabajado y utilizarlo tambi\u00e9n como ese acto que cerrar\u00eda el compromiso de la provincia&#8221;. Sobre la importancia simb\u00f3lica del acto, el secretario de Derechos Humanos opin\u00f3: &#8220;Lamentablemente a veces en estos casos hay v\u00edctimas individualizadas, pero el mensaje es que estos hechos permitan en el futuro mejorar algunas cosas. No solo le &#8220;sirve&#8221; a la v\u00edctima para una reparaci\u00f3n personal, sino que tambi\u00e9n a la sociedad.<\/div>\n<div><\/div>\n<div><b>Violencia machista en Santa Fe<\/b><\/div>\n<div>Cabe destacar que en lo que va del 2018 hubo 16 homicidios de mujeres en la provincia, de los cuales al menos diez fueron o podr\u00edan ser caratulados como femicidios. En este sentido, una mujer muere en la provincia cada nueve d\u00edas. Es la misma periodicidad que hubo en el 2017, que fue el a\u00f1o con m\u00e1s femicidios en la provincia de la \u00faltima d\u00e9cada, marcando as\u00ed una preocupante creciente de violencia machista que no cesa. El a\u00f1o pasado se registraron 38 casos, de los cuales 32 fueron perpetrados desde el c\u00edrculo \u00edntimo de la v\u00edctima; 11 de su pareja; seis de su expareja; siete de un pariente; ocho de un conocido; tres de un desconocido, y tres sin datos, seg\u00fan un relevamiento de violencia de g\u00e9nero que lleva adelante la pol\u00edtica rosarina Norma L\u00f3pez.<\/div>\n<div><\/div>\n<div>En este mismo sentido, el segundo informe del Registro \u00danico de Situaciones de Violencia contra la Mujer, correspondiente al tercer cuatrimestre de 2017 registr\u00f3 3.989 situaciones de violencia de g\u00e9nero en ese per\u00edodo en la provincia de Santa Fe, involucradas en ellas aproximadamente 3.203 mujeres v\u00edctimas. Del estudio, se analiz\u00f3 que sigue habiendo un amplio sector de la sociedad que responde a estructuras patriarcales que ocultan y naturalizan las situaciones de violencia de g\u00e9nero en todas sus tipolog\u00edas y modalidades posibles.<\/div>\n<div><\/div>\n<div><\/div>\n<div><\/div>\n<div><\/div>\n<div><\/div>\n<div><\/div>\n<div><\/div>\n<div>Fuente: Diario Uno<\/div>\n<!-- AddThis Advanced Settings generic via filter on the_content --><!-- AddThis Share Buttons generic via filter on the_content -->","protected":false},"excerpt":{"rendered":"<p>Se trata del caso C. E. R., una joven que denunci\u00f3 en 2011 a su padre [&hellip;]<!-- AddThis Advanced Settings generic via filter on get_the_excerpt --><!-- AddThis Share Buttons generic via filter on get_the_excerpt --><\/p>\n","protected":false},"author":13,"featured_media":26169,"comment_status":"open","ping_status":"open","sticky":false,"template":"","format":"standard","meta":{"_seopress_robots_primary_cat":"","_seopress_titles_title":"","_seopress_titles_desc":"","_seopress_robots_index":"","_themeisle_gutenberg_block_has_review":false,"footnotes":""},"categories":[1],"tags":[],"class_list":["post-26168","post","type-post","status-publish","format-standard","has-post-thumbnail","hentry","category-sin-categoria"],"_links":{"self":[{"href":"https:\/\/www.almargenweb.com.ar\/web\/wp-json\/wp\/v2\/posts\/26168","targetHints":{"allow":["GET"]}}],"collection":[{"href":"https:\/\/www.almargenweb.com.ar\/web\/wp-json\/wp\/v2\/posts"}],"about":[{"href":"https:\/\/www.almargenweb.com.ar\/web\/wp-json\/wp\/v2\/types\/post"}],"author":[{"embeddable":true,"href":"https:\/\/www.almargenweb.com.ar\/web\/wp-json\/wp\/v2\/users\/13"}],"replies":[{"embeddable":true,"href":"https:\/\/www.almargenweb.com.ar\/web\/wp-json\/wp\/v2\/comments?post=26168"}],"version-history":[{"count":3,"href":"https:\/\/www.almargenweb.com.ar\/web\/wp-json\/wp\/v2\/posts\/26168\/revisions"}],"predecessor-version":[{"id":26172,"href":"https:\/\/www.almargenweb.com.ar\/web\/wp-json\/wp\/v2\/posts\/26168\/revisions\/26172"}],"wp:featuredmedia":[{"embeddable":true,"href":"https:\/\/www.almargenweb.com.ar\/web\/wp-json\/wp\/v2\/media\/26169"}],"wp:attachment":[{"href":"https:\/\/www.almargenweb.com.ar\/web\/wp-json\/wp\/v2\/media?parent=26168"}],"wp:term":[{"taxonomy":"category","embeddable":true,"href":"https:\/\/www.almargenweb.com.ar\/web\/wp-json\/wp\/v2\/categories?post=26168"},{"taxonomy":"post_tag","embeddable":true,"href":"https:\/\/www.almargenweb.com.ar\/web\/wp-json\/wp\/v2\/tags?post=26168"}],"curies":[{"name":"wp","href":"https:\/\/api.w.org\/{rel}","templated":true}]}}