{"id":26152,"date":"2018-06-02T13:16:32","date_gmt":"2018-06-02T16:16:32","guid":{"rendered":"http:\/\/www.almargenweb.com.ar\/web\/?p=26152"},"modified":"2018-06-02T13:16:32","modified_gmt":"2018-06-02T16:16:32","slug":"defensa-del-consumidor-cambia-de-sede-en-ciudad-de-santa-fe","status":"publish","type":"post","link":"https:\/\/www.almargenweb.com.ar\/web\/defensa-del-consumidor-cambia-de-sede-en-ciudad-de-santa-fe\/","title":{"rendered":"DEFENSA DEL CONSUMIDOR CAMBIA DE SEDE EN CIUDAD DE SANTA FE"},"content":{"rendered":"<p>Las oficinas de la direcci\u00f3n provincial de Defensa del Consumidor de la ciudad de Santa Fe atender\u00e1n desde el viernes en la sede del Ministerio de la Producci\u00f3n, en bulevar Pellegrini 3100.<\/p>\n<p>En ese lugar continuar\u00e1n realiz\u00e1ndose los siguientes tr\u00e1mites: recepci\u00f3n de denuncias, consultas de expedientes, tomas de audiencias y toda otra gesti\u00f3n relacionada a la defensa de los derechos del consumidor.<\/p>\n<!-- AddThis Advanced Settings generic via filter on the_content --><!-- AddThis Share Buttons generic via filter on the_content -->","protected":false},"excerpt":{"rendered":"<p>Las oficinas de la direcci\u00f3n provincial de Defensa del Consumidor de la ciudad de Santa Fe [&hellip;]<!-- AddThis Advanced Settings generic via filter on get_the_excerpt --><!-- AddThis Share Buttons generic via filter on get_the_excerpt --><\/p>\n","protected":false},"author":13,"featured_media":26140,"comment_status":"open","ping_status":"open","sticky":false,"template":"","format":"standard","meta":{"_seopress_robots_primary_cat":"","_seopress_titles_title":"","_seopress_titles_desc":"","_seopress_robots_index":"","_themeisle_gutenberg_block_has_review":false,"footnotes":""},"categories":[48],"tags":[],"class_list":["post-26152","post","type-post","status-publish","format-standard","has-post-thumbnail","hentry","category-provinciales"],"_links":{"self":[{"href":"https:\/\/www.almargenweb.com.ar\/web\/wp-json\/wp\/v2\/posts\/26152","targetHints":{"allow":["GET"]}}],"collection":[{"href":"https:\/\/www.almargenweb.com.ar\/web\/wp-json\/wp\/v2\/posts"}],"about":[{"href":"https:\/\/www.almargenweb.com.ar\/web\/wp-json\/wp\/v2\/types\/post"}],"author":[{"embeddable":true,"href":"https:\/\/www.almargenweb.com.ar\/web\/wp-json\/wp\/v2\/users\/13"}],"replies":[{"embeddable":true,"href":"https:\/\/www.almargenweb.com.ar\/web\/wp-json\/wp\/v2\/comments?post=26152"}],"version-history":[{"count":3,"href":"https:\/\/www.almargenweb.com.ar\/web\/wp-json\/wp\/v2\/posts\/26152\/revisions"}],"predecessor-version":[{"id":26155,"href":"https:\/\/www.almargenweb.com.ar\/web\/wp-json\/wp\/v2\/posts\/26152\/revisions\/26155"}],"wp:featuredmedia":[{"embeddable":true,"href":"https:\/\/www.almargenweb.com.ar\/web\/wp-json\/wp\/v2\/media\/26140"}],"wp:attachment":[{"href":"https:\/\/www.almargenweb.com.ar\/web\/wp-json\/wp\/v2\/media?parent=26152"}],"wp:term":[{"taxonomy":"category","embeddable":true,"href":"https:\/\/www.almargenweb.com.ar\/web\/wp-json\/wp\/v2\/categories?post=26152"},{"taxonomy":"post_tag","embeddable":true,"href":"https:\/\/www.almargenweb.com.ar\/web\/wp-json\/wp\/v2\/tags?post=26152"}],"curies":[{"name":"wp","href":"https:\/\/api.w.org\/{rel}","templated":true}]}}