{"id":26132,"date":"2018-06-01T09:45:33","date_gmt":"2018-06-01T12:45:33","guid":{"rendered":"http:\/\/www.almargenweb.com.ar\/web\/?p=26132"},"modified":"2018-06-01T09:45:33","modified_gmt":"2018-06-01T12:45:33","slug":"aumenta-el-kilo-de-pan","status":"publish","type":"post","link":"https:\/\/www.almargenweb.com.ar\/web\/aumenta-el-kilo-de-pan\/","title":{"rendered":"AUMENTA EL KILO DE PAN"},"content":{"rendered":"<p>Desde este viernes, los santafesinos que vayan a las despensas o a los supermercados ver\u00e1n en las g\u00f3ndolas que el precio del pan, infaltable en cada mesa, aument\u00f3. La bolsa de un kilo costar\u00e1 un promedio de 48 pesos, implicando una suba de entre el 18 y 20 % en este art\u00edculo de primera necesidad. El precio depender\u00e1 del lugar de venta y del tipo de pan: habr\u00e1 lugares donde se lo encontrar\u00e1 un poco m\u00e1s barato. El franc\u00e9s es el m\u00e1s com\u00fan, pero hay otros m\u00e1s caros que tambi\u00e9n tendr\u00e1n subas.<\/p>\n<p>Esta suba tiene un contexto macroecon\u00f3mico: la suba significativa del precio de la bolsa de harina que llega a las panader\u00edas: \u201cLa de tres ceros pas\u00f3 a costar 650 pesos, y la de 4 ceros, que muchos panaderos usan, ahora cuesta 850 pesos. Esto es un verdadero desfasaje que lamentablemente impacta en el precio del kilo\u201d, dijo a El Litoral Jorge Spasitch, del Centro de Industriales Panaderos de Santa Fe.<\/p>\n<p>Es bastante simple: la bolsa de harina de 50 kilos (de triple cero) en enero costaba 230 pesos: ahora subi\u00f3 hasta 650 pesos: casi el triple en cinco meses. Y el nuevo costo est\u00e1 traccionado por los valores internacionales del trigo. Es el insumo b\u00e1sico de las panader\u00edas y una de las variables que, inevitablemente, impuls\u00f3 este nuevo incremento. <\/p>\n<p>La \u201cbuena noticia\u201d es que otros productos de panificaci\u00f3n, como las facturas, no tendr\u00e1n aumentos \u201cporque baj\u00f3 el precio del az\u00facar\u201d, agreg\u00f3 el referente de Panaderos. Consider\u00f3 que, siendo el pan un art\u00edculo alimenticio de primer\u00edsima necesidad, la gente lo seguir\u00e1 consumiendo, porque rinde m\u00e1s. \u201cSi hacemos la comparaci\u00f3n con otros productos, como galletitas light, el precio de \u00e9stas es igual o mayor\u201d. <\/p>\n<p>Aclar\u00f3 que el Centro de Industriales Panaderos no fija el precio. \u201cHacemos un costo general y en base a eso nos surge el desfasaje. Esto se debe en primer lugar al excesivo aumento de la harina y a las cotizaciones internacionales del trigo: se perdi\u00f3 mucha cosecha\u201d, insisti\u00f3. De todos modos, las provincias de Santa Fe y Paran\u00e1 \u201cson las que siguen teniendo el precio m\u00e1s barato de pan, a nivel pa\u00eds\u201d, agreg\u00f3 Spasitch.<\/p>\n<p>\u201cEra inesperado un aumento tan grande. Hay empresa muy grandes, que tienen siete molinos, que son formadoras de precios. Las chicas, no. Pero aqu\u00ed el contexto de fondo es el precio internacional del trigo\u201d, insisti\u00f3 el referente. <\/p>\n<p>\u201cTodos esperamos lo mismo: que esto se regularice, que afloje un poco la inflaci\u00f3n, que dejen de subir los insumos b\u00e1sicos. Si en enero alguien me dec\u00eda que la bolsa de harina iba a costar este viernes, al primer d\u00eda de junio, 650 pesos, yo le dec\u00eda que estaba loco. Pero no: este viernes cuesta eso, estamos hablando de esto y es la principal consecuencia del aumento del pan\u201d, cerr\u00f3 Spasitch. <\/p>\n<p>Fuente:El Litoral<\/p>\n<!-- AddThis Advanced Settings generic via filter on the_content --><!-- AddThis Share Buttons generic via filter on the_content -->","protected":false},"excerpt":{"rendered":"<p>Desde este viernes, los santafesinos que vayan a las despensas o a los supermercados ver\u00e1n en [&hellip;]<!-- AddThis Advanced Settings generic via filter on get_the_excerpt --><!-- AddThis Share Buttons generic via filter on get_the_excerpt --><\/p>\n","protected":false},"author":14,"featured_media":26133,"comment_status":"open","ping_status":"open","sticky":false,"template":"","format":"standard","meta":{"_seopress_titles_title":"","_seopress_titles_desc":"","_seopress_robots_index":"","_seopress_robots_follow":"","_seopress_robots_imageindex":"","_seopress_robots_snippet":"","_seopress_robots_primary_cat":"","_seopress_robots_breadcrumbs":"","_seopress_robots_freeze_modified_date":"","_seopress_robots_custom_modified_date":"","_seopress_robots_canonical":"","_seopress_social_fb_title":"","_seopress_social_fb_desc":"","_seopress_social_fb_img":"","_seopress_social_fb_img_attachment_id":0,"_seopress_social_fb_img_width":0,"_seopress_social_fb_img_height":0,"_seopress_social_twitter_title":"","_seopress_social_twitter_desc":"","_seopress_social_twitter_img":"","_seopress_social_twitter_img_attachment_id":0,"_seopress_social_twitter_img_width":0,"_seopress_social_twitter_img_height":0,"_seopress_redirections_value":"","_seopress_redirections_enabled":"","_seopress_redirections_enabled_regex":"","_seopress_redirections_logged_status":"","_seopress_redirections_param":"","_seopress_redirections_type":0,"_seopress_analysis_target_kw":"","_themeisle_gutenberg_block_has_review":false,"footnotes":""},"categories":[2,5],"tags":[130,174],"class_list":["post-26132","post","type-post","status-publish","format-standard","has-post-thumbnail","hentry","category-actualidad","category-economia","tag-aumento","tag-pan"],"_links":{"self":[{"href":"https:\/\/www.almargenweb.com.ar\/web\/wp-json\/wp\/v2\/posts\/26132","targetHints":{"allow":["GET"]}}],"collection":[{"href":"https:\/\/www.almargenweb.com.ar\/web\/wp-json\/wp\/v2\/posts"}],"about":[{"href":"https:\/\/www.almargenweb.com.ar\/web\/wp-json\/wp\/v2\/types\/post"}],"author":[{"embeddable":true,"href":"https:\/\/www.almargenweb.com.ar\/web\/wp-json\/wp\/v2\/users\/14"}],"replies":[{"embeddable":true,"href":"https:\/\/www.almargenweb.com.ar\/web\/wp-json\/wp\/v2\/comments?post=26132"}],"version-history":[{"count":1,"href":"https:\/\/www.almargenweb.com.ar\/web\/wp-json\/wp\/v2\/posts\/26132\/revisions"}],"predecessor-version":[{"id":26134,"href":"https:\/\/www.almargenweb.com.ar\/web\/wp-json\/wp\/v2\/posts\/26132\/revisions\/26134"}],"wp:featuredmedia":[{"embeddable":true,"href":"https:\/\/www.almargenweb.com.ar\/web\/wp-json\/wp\/v2\/media\/26133"}],"wp:attachment":[{"href":"https:\/\/www.almargenweb.com.ar\/web\/wp-json\/wp\/v2\/media?parent=26132"}],"wp:term":[{"taxonomy":"category","embeddable":true,"href":"https:\/\/www.almargenweb.com.ar\/web\/wp-json\/wp\/v2\/categories?post=26132"},{"taxonomy":"post_tag","embeddable":true,"href":"https:\/\/www.almargenweb.com.ar\/web\/wp-json\/wp\/v2\/tags?post=26132"}],"curies":[{"name":"wp","href":"https:\/\/api.w.org\/{rel}","templated":true}]}}