{"id":26092,"date":"2018-05-30T21:16:30","date_gmt":"2018-05-31T00:16:30","guid":{"rendered":"http:\/\/www.almargenweb.com.ar\/web\/?p=26092"},"modified":"2018-05-30T21:16:30","modified_gmt":"2018-05-31T00:16:30","slug":"cronograma-de-pago-de-haberes-a-los-agentes-provinciales-17","status":"publish","type":"post","link":"https:\/\/www.almargenweb.com.ar\/web\/cronograma-de-pago-de-haberes-a-los-agentes-provinciales-17\/","title":{"rendered":"CRONOGRAMA DE PAGO DE HABERES A LOS AGENTES PROVINCIALES"},"content":{"rendered":"<p>El viernes 1 de junio comenzar\u00e1n a abonarse los sueldos correspondientes al mes de mayo.<\/p>\n<p>El Ministerio de Econom\u00eda dio a conocer el cronograma de pago de sueldos para los agentes provinciales correspondientes al mes de mayo, que comenzar\u00e1 a efectivizarse a partir de este viernes 1 de junio.<\/p>\n<p>&gt;&gt; Viernes 1 de junio: Seguridad y IAPIP.<\/p>\n<p>&gt;&gt; Lunes 4 de junio: Ministerio de la Producci\u00f3n; Ente Zona Franca; Ministerio de Ciencia, Tecnolog\u00eda e Innovaci\u00f3n Productiva; Ministerio de Trabajo y Seguridad Social; Ministerio de Innovaci\u00f3n y Cultura; Ministerio de Econom\u00eda; API &#8211; Catastro; Ministerio de Educaci\u00f3n; Ministerio de Gobierno y Reforma del Estado; Ministerio de Seguridad; Ministerio de Justicia y Derechos Humanos; Ministerio de Obras P\u00fablicas; Ministerio de Infraestructura y Transporte; Ministerio de Medio Ambiente; Direcci\u00f3n Provincial de Vivienda; Direcci\u00f3n Provincial de Vialidad; Fiscal\u00eda de Estado; Sindicatura General de la Provincia; Secretar\u00eda de Estado del H\u00e1bitat y Secretar\u00eda de Estado de la Energ\u00eda.<\/p>\n<p>Tambi\u00e9n percibir\u00e1n sus haberes los docentes y asistentes escolares con DNI terminados en 6, 7 y 8, y los de las escuelas privadas transferidas del 2do convenio.<\/p>\n<p>Se informa que los haberes programados para el lunes 4 de junio estar\u00e1n disponibles a partir del s\u00e1bado 2 del mismo mes en los cajeros autom\u00e1ticos de la Red Link.<\/p>\n<p>&gt;&gt; Martes 5 de junio: Ministerio de Desarrollo Social, Ministerio de Salud y Assal.<\/p>\n<p>Tambi\u00e9n percibir\u00e1n sus haberes los docentes y asistentes escolares con DNI terminados en 0, 1, 2 y 9, y los de las escuelas privadas transferidas del 1er convenio.<\/p>\n<p>&gt;&gt; Mi\u00e9rcoles 6 de junio: Poder Legislativo, Poder Judicial, Tribunal de Cuentas y Defensor\u00eda del Pueblo.<\/p>\n<p>Tambi\u00e9n percibir\u00e1n sus haberes los docentes y asistentes escolares con DNI terminados en 3, 4 y 5, y los de privadas hist\u00f3ricas.<\/p>\n<p>&gt;&gt; Jueves 7 de junio: 1\u00ba turno de jubilados y pensionados (jubilados y pensionados que perciban haberes hasta $ 15.000).<\/p>\n<p>&gt;&gt; Viernes 8 de junio: 2\u00b0 turno de jubilados y pensionados (jubilados y pensionados que perciban haberes desde $ 15.001 y hasta $ 22.000).<\/p>\n<p>&gt;&gt; Martes 12 de junio: 3\u00b0 turno de jubilados y pensionados (jubilados que perciban haberes desde $ 22.001 y hasta $ 32.000).<\/p>\n<p>&gt;&gt; Mi\u00e9rcoles 13 de junio: 4\u00b0 turno de jubilados y pensionados (jubilados que perciban haberes mayores a $ 32.001)<\/p>\n<p>&gt;&gt; Jueves 14 de junio: Autoridades superiores de los poderes Ejecutivo, Legislativo y Judicial.<\/p>\n<p>&nbsp;<\/p>\n<!-- AddThis Advanced Settings generic via filter on the_content --><!-- AddThis Share Buttons generic via filter on the_content -->","protected":false},"excerpt":{"rendered":"<p>El viernes 1 de junio comenzar\u00e1n a abonarse los sueldos correspondientes al mes de mayo. El [&hellip;]<!-- AddThis Advanced Settings generic via filter on get_the_excerpt --><!-- AddThis Share Buttons generic via filter on get_the_excerpt --><\/p>\n","protected":false},"author":13,"featured_media":26093,"comment_status":"open","ping_status":"open","sticky":false,"template":"","format":"standard","meta":{"_seopress_robots_primary_cat":"","_seopress_titles_title":"","_seopress_titles_desc":"","_seopress_robots_index":"","_themeisle_gutenberg_block_has_review":false,"footnotes":""},"categories":[5,48],"tags":[155,154],"class_list":["post-26092","post","type-post","status-publish","format-standard","has-post-thumbnail","hentry","category-economia","category-provinciales","tag-agentes-provinciales","tag-cronograma-de-pago"],"_links":{"self":[{"href":"https:\/\/www.almargenweb.com.ar\/web\/wp-json\/wp\/v2\/posts\/26092","targetHints":{"allow":["GET"]}}],"collection":[{"href":"https:\/\/www.almargenweb.com.ar\/web\/wp-json\/wp\/v2\/posts"}],"about":[{"href":"https:\/\/www.almargenweb.com.ar\/web\/wp-json\/wp\/v2\/types\/post"}],"author":[{"embeddable":true,"href":"https:\/\/www.almargenweb.com.ar\/web\/wp-json\/wp\/v2\/users\/13"}],"replies":[{"embeddable":true,"href":"https:\/\/www.almargenweb.com.ar\/web\/wp-json\/wp\/v2\/comments?post=26092"}],"version-history":[{"count":1,"href":"https:\/\/www.almargenweb.com.ar\/web\/wp-json\/wp\/v2\/posts\/26092\/revisions"}],"predecessor-version":[{"id":26094,"href":"https:\/\/www.almargenweb.com.ar\/web\/wp-json\/wp\/v2\/posts\/26092\/revisions\/26094"}],"wp:featuredmedia":[{"embeddable":true,"href":"https:\/\/www.almargenweb.com.ar\/web\/wp-json\/wp\/v2\/media\/26093"}],"wp:attachment":[{"href":"https:\/\/www.almargenweb.com.ar\/web\/wp-json\/wp\/v2\/media?parent=26092"}],"wp:term":[{"taxonomy":"category","embeddable":true,"href":"https:\/\/www.almargenweb.com.ar\/web\/wp-json\/wp\/v2\/categories?post=26092"},{"taxonomy":"post_tag","embeddable":true,"href":"https:\/\/www.almargenweb.com.ar\/web\/wp-json\/wp\/v2\/tags?post=26092"}],"curies":[{"name":"wp","href":"https:\/\/api.w.org\/{rel}","templated":true}]}}