{"id":26078,"date":"2018-05-30T10:16:01","date_gmt":"2018-05-30T13:16:01","guid":{"rendered":"http:\/\/www.almargenweb.com.ar\/web\/?p=26078"},"modified":"2018-05-30T10:16:01","modified_gmt":"2018-05-30T13:16:01","slug":"la-provincia-puso-en-funciones-al-consejo-diabetologico-provincial","status":"publish","type":"post","link":"https:\/\/www.almargenweb.com.ar\/web\/la-provincia-puso-en-funciones-al-consejo-diabetologico-provincial\/","title":{"rendered":"LA PROVINCIA PUSO EN FUNCIONES AL CONSEJO DIABETOL\u00d3GICO PROVINCIAL"},"content":{"rendered":"<p>Durante el acto, que se realiz\u00f3 en el Centro de Especialidades M\u00e9dicas Ambulatorias (Cemafe), se firm\u00f3 el acta constitutiva del Consejo y se presentaron los nuevos miembros.<\/p>\n<div id=\"content-post\">\n<div class=\"entry\">\n<p>La ministra de Salud provincial, Andrea Uboldi, puso en funciones este lunes al Consejo Diabetol\u00f3gico Provincial, que fue creado por medio de la Ley Provincial N\u00b0 12.196 y reglamentado por el Decreto N\u00b0 1504\/09.<\/p>\n<p>Durante el acto, que se realiz\u00f3 en el Centro de Especialidades M\u00e9dicas Ambulatorias (Cemafe), se firm\u00f3 el acta constitutiva del Consejo y se presentaron los nuevos miembros.<\/p>\n<p>\u201cLa formaci\u00f3n del Consejo era una deuda pendiente\u201d, destac\u00f3 Uboldi, al tiempo que mencion\u00f3 que su conformaci\u00f3n \u201cpermite la participaci\u00f3n de sociedades cient\u00edficas, de representantes de la comunidad de personas diab\u00e9ticas y de trabajadores de la Universidad Nacional del Litoral y de la provincia\u201d.<\/p>\n<p>\u201cLa l\u00ednea de base va a ser el universo que tenemos para construir el perfil de los pacientes, como adultos, pedi\u00e1tricos, embarazadas y adultos mayores, ya que cada uno tiene distinta forma de abordaje. Luego veremos los insumos que tenemos, c\u00f3mo se distribuyen y si son realmente los que necesitamos\u201d, continu\u00f3.<\/p>\n<p>Adem\u00e1s, indic\u00f3 que \u201ccapacitaremos a los equipos para que se refleje en el territorio cu\u00e1l es la l\u00ednea b\u00e1sica de cuidados que hay que tener, c\u00f3mo trabajar con los familiares, cu\u00e1les ser\u00edan los lugares de derivaci\u00f3n y la difusi\u00f3n de informaci\u00f3n adecuada, ya que la concientizaci\u00f3n de cambios de h\u00e1bitos tambi\u00e9n permite anticiparse a la diabetes o como manejarla para que no avance\u201d.<\/p>\n<p>Finalmente, la ministra se\u00f1al\u00f3 que \u201cesto va a permitir planificar el trabajo de acuerdo a los requerimientos que tenemos de la comunidad, para pensar en acercar cada vez m\u00e1s el autocuidado a cada una de las personas diab\u00e9ticas, a sus acompa\u00f1antes y familiares\u201d.<\/p>\n<p>\u201cTambi\u00e9n trabajaremos sobre la medicaci\u00f3n que se necesita, la distribuci\u00f3n de estos insumos y la posibilidad de que exista una demanda insatisfecha, por lo que necesitamos un padr\u00f3n completo y actualizado de personas diab\u00e9ticas. Esto tambi\u00e9n permitir\u00e1 una proyecci\u00f3n en la provincia de una de las enfermedades que nos interpela y que va a ser, a futuro, causa de morbi mortalidad importante en el pa\u00eds y en el mundo\u201d, concluy\u00f3 Uboldi.<\/p>\n<p>Durante el acto se realiz\u00f3 un reconocimiento a la directora de Enfermedades Cr\u00f3nicas No Transmisibles, Gabriela Sosa, quien fue una de las principales impulsoras de esta iniciativa.<\/p>\n<p><strong>CONSEJO DIABETOL\u00d3GICO PROVINCIAL<\/strong><br \/>\nLa presidenta del Consejo es Mariela Bianchini; y los vocales, en representaci\u00f3n del Ministerio de Salud, Jorge Fiant, Catalina Dorigo y Mar\u00eda Florencia Badias; en representaci\u00f3n de las Entidades Privadas de Ayuda al Diab\u00e9tico, Nelida Illanes, presidenta de la Asociaci\u00f3n de Diab\u00e9ticos Departamento Castellanos, y Pablo Arias, de la Sociedad Argentina de Diabetes con competencia en el Cap\u00edtulo del Litoral; y en representaci\u00f3n de las asociaciones de ayuda, Claudio Ullua, presidente de la Asociaci\u00f3n Civil Juntos por la Diabetes de la ciudad de San Lorenzo.<\/p>\n<p><strong>PRESENTES<\/strong><br \/>\nDel acto tambi\u00e9n participaron los secretarios de Primer y Segundo Nivel de Atenci\u00f3n en Salud, Ernesto Bosco; y de Tercer Nivel, Patricia Morales.<\/p>\n<\/div>\n<\/div>\n<div class=\"block-media\">\n<div class=\"container\"><\/div>\n<\/div>\n<!-- AddThis Advanced Settings generic via filter on the_content --><!-- AddThis Share Buttons generic via filter on the_content -->","protected":false},"excerpt":{"rendered":"<p>Durante el acto, que se realiz\u00f3 en el Centro de Especialidades M\u00e9dicas Ambulatorias (Cemafe), se firm\u00f3 [&hellip;]<!-- AddThis Advanced Settings generic via filter on get_the_excerpt --><!-- AddThis Share Buttons generic via filter on get_the_excerpt --><\/p>\n","protected":false},"author":13,"featured_media":26079,"comment_status":"open","ping_status":"open","sticky":false,"template":"","format":"standard","meta":{"_seopress_robots_primary_cat":"","_seopress_titles_title":"","_seopress_titles_desc":"","_seopress_robots_index":"","_themeisle_gutenberg_block_has_review":false,"footnotes":""},"categories":[48,15],"tags":[],"class_list":["post-26078","post","type-post","status-publish","format-standard","has-post-thumbnail","hentry","category-provinciales","category-salud"],"_links":{"self":[{"href":"https:\/\/www.almargenweb.com.ar\/web\/wp-json\/wp\/v2\/posts\/26078","targetHints":{"allow":["GET"]}}],"collection":[{"href":"https:\/\/www.almargenweb.com.ar\/web\/wp-json\/wp\/v2\/posts"}],"about":[{"href":"https:\/\/www.almargenweb.com.ar\/web\/wp-json\/wp\/v2\/types\/post"}],"author":[{"embeddable":true,"href":"https:\/\/www.almargenweb.com.ar\/web\/wp-json\/wp\/v2\/users\/13"}],"replies":[{"embeddable":true,"href":"https:\/\/www.almargenweb.com.ar\/web\/wp-json\/wp\/v2\/comments?post=26078"}],"version-history":[{"count":1,"href":"https:\/\/www.almargenweb.com.ar\/web\/wp-json\/wp\/v2\/posts\/26078\/revisions"}],"predecessor-version":[{"id":26080,"href":"https:\/\/www.almargenweb.com.ar\/web\/wp-json\/wp\/v2\/posts\/26078\/revisions\/26080"}],"wp:featuredmedia":[{"embeddable":true,"href":"https:\/\/www.almargenweb.com.ar\/web\/wp-json\/wp\/v2\/media\/26079"}],"wp:attachment":[{"href":"https:\/\/www.almargenweb.com.ar\/web\/wp-json\/wp\/v2\/media?parent=26078"}],"wp:term":[{"taxonomy":"category","embeddable":true,"href":"https:\/\/www.almargenweb.com.ar\/web\/wp-json\/wp\/v2\/categories?post=26078"},{"taxonomy":"post_tag","embeddable":true,"href":"https:\/\/www.almargenweb.com.ar\/web\/wp-json\/wp\/v2\/tags?post=26078"}],"curies":[{"name":"wp","href":"https:\/\/api.w.org\/{rel}","templated":true}]}}