{"id":26067,"date":"2018-05-30T09:50:39","date_gmt":"2018-05-30T12:50:39","guid":{"rendered":"http:\/\/www.almargenweb.com.ar\/web\/?p=26067"},"modified":"2018-05-30T09:50:39","modified_gmt":"2018-05-30T12:50:39","slug":"los-palmeras-se-llevaron-su-sexto-premio-gardel","status":"publish","type":"post","link":"https:\/\/www.almargenweb.com.ar\/web\/los-palmeras-se-llevaron-su-sexto-premio-gardel\/","title":{"rendered":"LOS PALMERAS SE LLEVARON SU SEXTO PREMIO GARDEL"},"content":{"rendered":"<p>La banda santafesina fue galardonada por su \u00e1lbum \u201c45 a\u00f1os\u201d, disco realizado en conjunto con la filarm\u00f3nica de Santa Fe.<\/p>\n<p class=\"selectionShareable\">Este martes se realiz\u00f3 la vig\u00e9sima entrega de los Premios Gardel, galard\u00f3n que entrega la C\u00e1mara Argentina de Productores de Fonogramas y Videogramas (CAPIF).<\/p>\n<p class=\"selectionShareable\">La gran gala de la m\u00fasica tuvo lugar en el Centro Cultural Kirchner (CCK) de la ciudad aut\u00f3noma de Buenos Aires y fue televisada por la Televisi\u00f3n P\u00fablica.<\/p>\n<p class=\"selectionShareable\">La banda tropical santafesina Los Palmeras se llev\u00f3 su sexto premio Gardel cuando su disco \u201c45 A\u00f1os\u201d realizado en conjunto con la filarm\u00f3nica de Santa Fe fue elegido como mejor disco tropical. Los embajadores de la cumbia compart\u00edan terna con Mala Fama y Los Lirios.<\/p>\n<p class=\"selectionShareable\"><strong>De festejo<\/strong><\/p>\n<p class=\"selectionShareable\">La banda santafesina celebr\u00f3 luego de obtener el premio. Lo hizo a trav\u00e9s de la red social Facebook: \u201cSimplemente gracias a ustedes !! Se viene el sexto para nuestra casa.. vuelve a #SantaFe\ud83d\ude4c\ud83c\udffb\u201d. publicaron.<\/p>\n<p>&nbsp;<\/p>\n<p>&nbsp;<\/p>\n<p>Fuente: El Litoral.<\/p>\n<!-- AddThis Advanced Settings generic via filter on the_content --><!-- AddThis Share Buttons generic via filter on the_content -->","protected":false},"excerpt":{"rendered":"<p>La banda santafesina fue galardonada por su \u00e1lbum \u201c45 a\u00f1os\u201d, disco realizado en conjunto con la [&hellip;]<!-- AddThis Advanced Settings generic via filter on get_the_excerpt --><!-- AddThis Share Buttons generic via filter on get_the_excerpt --><\/p>\n","protected":false},"author":13,"featured_media":26068,"comment_status":"open","ping_status":"open","sticky":false,"template":"","format":"standard","meta":{"_seopress_robots_primary_cat":"","_seopress_titles_title":"","_seopress_titles_desc":"","_seopress_robots_index":"","_themeisle_gutenberg_block_has_review":false,"footnotes":""},"categories":[3,48],"tags":[135,144],"class_list":["post-26067","post","type-post","status-publish","format-standard","has-post-thumbnail","hentry","category-cultura","category-provinciales","tag-los-palmeras","tag-premios-gardel"],"_links":{"self":[{"href":"https:\/\/www.almargenweb.com.ar\/web\/wp-json\/wp\/v2\/posts\/26067","targetHints":{"allow":["GET"]}}],"collection":[{"href":"https:\/\/www.almargenweb.com.ar\/web\/wp-json\/wp\/v2\/posts"}],"about":[{"href":"https:\/\/www.almargenweb.com.ar\/web\/wp-json\/wp\/v2\/types\/post"}],"author":[{"embeddable":true,"href":"https:\/\/www.almargenweb.com.ar\/web\/wp-json\/wp\/v2\/users\/13"}],"replies":[{"embeddable":true,"href":"https:\/\/www.almargenweb.com.ar\/web\/wp-json\/wp\/v2\/comments?post=26067"}],"version-history":[{"count":1,"href":"https:\/\/www.almargenweb.com.ar\/web\/wp-json\/wp\/v2\/posts\/26067\/revisions"}],"predecessor-version":[{"id":26069,"href":"https:\/\/www.almargenweb.com.ar\/web\/wp-json\/wp\/v2\/posts\/26067\/revisions\/26069"}],"wp:featuredmedia":[{"embeddable":true,"href":"https:\/\/www.almargenweb.com.ar\/web\/wp-json\/wp\/v2\/media\/26068"}],"wp:attachment":[{"href":"https:\/\/www.almargenweb.com.ar\/web\/wp-json\/wp\/v2\/media?parent=26067"}],"wp:term":[{"taxonomy":"category","embeddable":true,"href":"https:\/\/www.almargenweb.com.ar\/web\/wp-json\/wp\/v2\/categories?post=26067"},{"taxonomy":"post_tag","embeddable":true,"href":"https:\/\/www.almargenweb.com.ar\/web\/wp-json\/wp\/v2\/tags?post=26067"}],"curies":[{"name":"wp","href":"https:\/\/api.w.org\/{rel}","templated":true}]}}