{"id":26046,"date":"2018-05-29T19:31:22","date_gmt":"2018-05-29T22:31:22","guid":{"rendered":"http:\/\/www.almargenweb.com.ar\/web\/?p=26046"},"modified":"2018-05-29T19:38:58","modified_gmt":"2018-05-29T22:38:58","slug":"los-estudiantes-de-la-provincia-de-santa-fe-podran-ver-los-partidos-del-mundial-en-las-escuelas","status":"publish","type":"post","link":"https:\/\/www.almargenweb.com.ar\/web\/los-estudiantes-de-la-provincia-de-santa-fe-podran-ver-los-partidos-del-mundial-en-las-escuelas\/","title":{"rendered":"LOS ESTUDIANTES DE LA PROVINCIA DE SANTA FE PODRAN VER LOS PARTIDOS DEL MUNDIAL EN LAS ESCUELAS"},"content":{"rendered":"<p>Este a\u00f1o se celebra el mundial de f\u00fatbol en Rusia y los horarios de los partidos que juegue Argentina ser\u00e1n de lo m\u00e1s variado. &#8220;Cuando se trata de la camiseta de Argentina hay mucha pasi\u00f3n que se pone en juego y esto nos atraviesa a todos como sociedad, y fundamentalmente en clases con los ni\u00f1os y ni\u00f1as que asisten a las escuelas de la provincia&#8221;, expres\u00f3 Oscar Di Paolo, secretario de Educaci\u00f3n en el programa\u00a0<b>UNO en La Radio\u00a0<\/b>por FM Sol 91.5.<\/p>\n<div><\/div>\n<div>&#8220;Siempre la actitud que ha tomado el Ministerio de Educaci\u00f3n es hacer de estos acontecimientos donde se pone en juego la camiseta y la Bandera Argentina, un acto pedag\u00f3gico&#8221;, indic\u00f3 Di Paolo y agreg\u00f3: &#8220;Se trabaja para transformarlo en un acto para la convivencia y la paz. Las escuelas santafesinas tienen esa capacidad a trav\u00e9s de sus docentes de poder transformar estos hechos en una oportunidad para conocimientos, para permitir hacer una sociedad m\u00e1s justa y democr\u00e1tica&#8221;.<\/div>\n<div><\/div>\n<div>Al ser consultado por este medio por las posibilidades de trabajar desde el plano educativo sobre la historia y cultura de Rusia, el secretario de Educaci\u00f3n explic\u00f3: &#8220;Lo que vamos a hacer es, cuando se juegan los partidos de Argentina y coincidan con los horarios de clase, ah\u00ed habilitamos que se puedan mirar los partidos y vincular esos fen\u00f3menos con elementos que est\u00e1n prescritos en la curr\u00edcula. Trabajar la sede del mundial implica abarcar la geograf\u00eda, la geopol\u00edtica, la sociolog\u00eda, la historia, la etnograf\u00eda, etc. que tiene que ver la ciudadan\u00eda y lo ideol\u00f3gico de manera que se generen debates. La sede del mundial se puede deconstruir&#8221;.<\/div>\n<div><\/div>\n<div>Sobre los modos de trabajo que se aplicar\u00e1n, Di Paolo dijo: &#8220;Cada instituci\u00f3n educativa lo ajusta a su calidad y territorio. Cada docente puede adaptar las curriculas a las distintas circunstancias que se presenten, ellos est\u00e1n m\u00e1s que capacitados. Lo que se va a hacer es trabajar sobre los pa\u00edses. La creatividad da lugar a explorar distintos temas&#8221;.<\/div>\n<div><\/div>\n<div><\/div>\n<div><\/div>\n<div><\/div>\n<div>Fuente: UNO Santa Fe<\/div>\n<!-- AddThis Advanced Settings generic via filter on the_content --><!-- AddThis Share Buttons generic via filter on the_content -->","protected":false},"excerpt":{"rendered":"<p>Este a\u00f1o se celebra el mundial de f\u00fatbol en Rusia y los horarios de los partidos [&hellip;]<!-- AddThis Advanced Settings generic via filter on get_the_excerpt --><!-- AddThis Share Buttons generic via filter on get_the_excerpt --><\/p>\n","protected":false},"author":13,"featured_media":26047,"comment_status":"open","ping_status":"open","sticky":false,"template":"","format":"standard","meta":{"_seopress_robots_primary_cat":"","_seopress_titles_title":"","_seopress_titles_desc":"","_seopress_robots_index":"","_themeisle_gutenberg_block_has_review":false,"footnotes":""},"categories":[19,48],"tags":[],"class_list":["post-26046","post","type-post","status-publish","format-standard","has-post-thumbnail","hentry","category-educacion","category-provinciales"],"_links":{"self":[{"href":"https:\/\/www.almargenweb.com.ar\/web\/wp-json\/wp\/v2\/posts\/26046","targetHints":{"allow":["GET"]}}],"collection":[{"href":"https:\/\/www.almargenweb.com.ar\/web\/wp-json\/wp\/v2\/posts"}],"about":[{"href":"https:\/\/www.almargenweb.com.ar\/web\/wp-json\/wp\/v2\/types\/post"}],"author":[{"embeddable":true,"href":"https:\/\/www.almargenweb.com.ar\/web\/wp-json\/wp\/v2\/users\/13"}],"replies":[{"embeddable":true,"href":"https:\/\/www.almargenweb.com.ar\/web\/wp-json\/wp\/v2\/comments?post=26046"}],"version-history":[{"count":4,"href":"https:\/\/www.almargenweb.com.ar\/web\/wp-json\/wp\/v2\/posts\/26046\/revisions"}],"predecessor-version":[{"id":26054,"href":"https:\/\/www.almargenweb.com.ar\/web\/wp-json\/wp\/v2\/posts\/26046\/revisions\/26054"}],"wp:featuredmedia":[{"embeddable":true,"href":"https:\/\/www.almargenweb.com.ar\/web\/wp-json\/wp\/v2\/media\/26047"}],"wp:attachment":[{"href":"https:\/\/www.almargenweb.com.ar\/web\/wp-json\/wp\/v2\/media?parent=26046"}],"wp:term":[{"taxonomy":"category","embeddable":true,"href":"https:\/\/www.almargenweb.com.ar\/web\/wp-json\/wp\/v2\/categories?post=26046"},{"taxonomy":"post_tag","embeddable":true,"href":"https:\/\/www.almargenweb.com.ar\/web\/wp-json\/wp\/v2\/tags?post=26046"}],"curies":[{"name":"wp","href":"https:\/\/api.w.org\/{rel}","templated":true}]}}