{"id":26031,"date":"2018-05-29T09:26:53","date_gmt":"2018-05-29T12:26:53","guid":{"rendered":"http:\/\/www.almargenweb.com.ar\/web\/?p=26031"},"modified":"2018-05-29T09:26:53","modified_gmt":"2018-05-29T12:26:53","slug":"titularizan-docentes-en-santa-fe","status":"publish","type":"post","link":"https:\/\/www.almargenweb.com.ar\/web\/titularizan-docentes-en-santa-fe\/","title":{"rendered":"Titularizan docentes en Santa Fe"},"content":{"rendered":"<p class=\"selectionShareable\">El gobierno provincial, a trav\u00e9s del Ministerio de Educaci\u00f3n, contin\u00faa con los actos de ofrecimiento de cargos y horas c\u00e1tedra del concurso de ingreso al Nivel Secundario (Resoluci\u00f3n 1754\/17). Este martes y mi\u00e9rcoles ser\u00e1 el turno de los docentes de escuelas de la Regi\u00f3n IV. En tanto, este martes tambi\u00e9n titularizar\u00e1n los profesores de la Regi\u00f3n I.<\/p>\n<p class=\"selectionShareable\">\n<p class=\"selectionShareable\">Cabe recordar que en las escuelas secundarias p\u00fablicas dependientes de las regionales educativas afectadas al concurso, no habr\u00e1 clases en el d\u00eda correspondiente al ofrecimiento. De este modo, en la Regi\u00f3n I (con sede en Tostado) no se dictar\u00e1 clases este martes, mientras que en la Regi\u00f3n IV, no habr\u00e1 clases este martes y este mi\u00e9rcoles.<\/p>\n<p class=\"selectionShareable\">\n<p class=\"selectionShareable\">El acto de ofrecimiento ser\u00e1 en el Centro de Educaci\u00f3n F\u00edsica N\u00b0 29, ubicado en avenida Galicia 2002 de la ciudad de Santa Fe.<\/p>\n<p class=\"selectionShareable\">\n<p class=\"selectionShareable\">Desde el a\u00f1o 2008, el gobierno provincial concreta una pol\u00edtica de titularizaci\u00f3n para docentes, con el objetivo de mejorar la calidad educativa, brindando posibilidades de estabilidad laboral a miles de maestros y profesores santafesinos, mediante un mecanismo transparente como los concursos que se vienen llevando adelante desde hace 10 a\u00f1os.<\/p>\n<p class=\"selectionShareable\">\n<p class=\"selectionShareable\">En esta oportunidad, hay 44.819 horas c\u00e1tedra en juego, adem\u00e1s de 983 cargos. Estas cifras implican la estabilidad de alrededor de 5000 profesores que se desempe\u00f1an como suplentes o interinos en las escuelas secundarias de la provincia.<\/p>\n<p class=\"selectionShareable\">\n<p class=\"selectionShareable\">En Santa Fe se ofrecen 14.893 horas c\u00e1tedra y 306 cargos. El orden de ofrecimiento es el siguiente:<\/p>\n<p class=\"selectionShareable\">\n<p class=\"selectionShareable\">&gt;&gt; Martes 29: todos los cargos y horas c\u00e1tedras de la Regi\u00f3n I. Y todos los cargos m\u00e1s las horas c\u00e1tedra del orden 1 y 2 del escalaf\u00f3n de la Regi\u00f3n IV.<\/p>\n<p class=\"selectionShareable\">\n<p class=\"selectionShareable\">&gt;&gt; Mi\u00e9rcoles 30: las horas c\u00e1tedras de la Regi\u00f3n IV del orden 3 en adelante y hasta terminar con las vacantes.<\/p>\n<p class=\"selectionShareable\">\n<p class=\"selectionShareable\">La toma de posesi\u00f3n de los cargos y horas se realizar\u00e1 el d\u00eda 1 de junio de 2018, junto con los traslados del nivel.<\/p>\n<p class=\"selectionShareable\">\n<p class=\"selectionShareable\"><strong>Reconquista<\/strong><\/p>\n<p class=\"selectionShareable\">\nEste lunes fue el turno de la titularizaci\u00f3n para la Regi\u00f3n II con sede en Reconquista. En tanto, con la de Santa Fe culminar\u00eda el proceso de titularizaci\u00f3n que hab\u00eda comenzado el 16, 17 y 18 de este mes en Rosario y Rafaela.<\/p>\n<p>&nbsp;<\/p>\n<p>&nbsp;<\/p>\n<p>Fuente: El Litoral<\/p>\n<!-- AddThis Advanced Settings generic via filter on the_content --><!-- AddThis Share Buttons generic via filter on the_content -->","protected":false},"excerpt":{"rendered":"<p>El gobierno provincial, a trav\u00e9s del Ministerio de Educaci\u00f3n, contin\u00faa con los actos de ofrecimiento de [&hellip;]<!-- AddThis Advanced Settings generic via filter on get_the_excerpt --><!-- AddThis Share Buttons generic via filter on get_the_excerpt --><\/p>\n","protected":false},"author":13,"featured_media":26032,"comment_status":"open","ping_status":"open","sticky":false,"template":"","format":"standard","meta":{"_seopress_robots_primary_cat":"","_seopress_titles_title":"","_seopress_titles_desc":"","_seopress_robots_index":"","_themeisle_gutenberg_block_has_review":false,"footnotes":""},"categories":[2,19,48],"tags":[],"class_list":["post-26031","post","type-post","status-publish","format-standard","has-post-thumbnail","hentry","category-actualidad","category-educacion","category-provinciales"],"_links":{"self":[{"href":"https:\/\/www.almargenweb.com.ar\/web\/wp-json\/wp\/v2\/posts\/26031","targetHints":{"allow":["GET"]}}],"collection":[{"href":"https:\/\/www.almargenweb.com.ar\/web\/wp-json\/wp\/v2\/posts"}],"about":[{"href":"https:\/\/www.almargenweb.com.ar\/web\/wp-json\/wp\/v2\/types\/post"}],"author":[{"embeddable":true,"href":"https:\/\/www.almargenweb.com.ar\/web\/wp-json\/wp\/v2\/users\/13"}],"replies":[{"embeddable":true,"href":"https:\/\/www.almargenweb.com.ar\/web\/wp-json\/wp\/v2\/comments?post=26031"}],"version-history":[{"count":1,"href":"https:\/\/www.almargenweb.com.ar\/web\/wp-json\/wp\/v2\/posts\/26031\/revisions"}],"predecessor-version":[{"id":26033,"href":"https:\/\/www.almargenweb.com.ar\/web\/wp-json\/wp\/v2\/posts\/26031\/revisions\/26033"}],"wp:featuredmedia":[{"embeddable":true,"href":"https:\/\/www.almargenweb.com.ar\/web\/wp-json\/wp\/v2\/media\/26032"}],"wp:attachment":[{"href":"https:\/\/www.almargenweb.com.ar\/web\/wp-json\/wp\/v2\/media?parent=26031"}],"wp:term":[{"taxonomy":"category","embeddable":true,"href":"https:\/\/www.almargenweb.com.ar\/web\/wp-json\/wp\/v2\/categories?post=26031"},{"taxonomy":"post_tag","embeddable":true,"href":"https:\/\/www.almargenweb.com.ar\/web\/wp-json\/wp\/v2\/tags?post=26031"}],"curies":[{"name":"wp","href":"https:\/\/api.w.org\/{rel}","templated":true}]}}