{"id":26027,"date":"2018-05-29T09:16:41","date_gmt":"2018-05-29T12:16:41","guid":{"rendered":"http:\/\/www.almargenweb.com.ar\/web\/?p=26027"},"modified":"2018-05-29T09:18:55","modified_gmt":"2018-05-29T12:18:55","slug":"santa-fe-busca-en-tailandia-una-insercion-inteligente-en-el-mundo","status":"publish","type":"post","link":"https:\/\/www.almargenweb.com.ar\/web\/santa-fe-busca-en-tailandia-una-insercion-inteligente-en-el-mundo\/","title":{"rendered":"Santa Fe busca en Tailandia una \u201cinserci\u00f3n inteligente en el mundo\u201d"},"content":{"rendered":"<p>Lo subray\u00f3 la embajadora argentina en ese pa\u00eds, quien dio la bienvenida a la misi\u00f3n comercial de la Regi\u00f3n Centro que integra el gobernador.<\/p>\n<p>Con una referencia al presidente Mauricio Macri y una valoraci\u00f3n de la misi\u00f3n comercial que la Regi\u00f3n Centro realiza por Tailandia como \u201cuna oportunidad \u00fanica y especial para una inserci\u00f3n inteligente con el mundo\u201d, el gobernador Miguel Lifschitz y sus pares de C\u00f3rdoba y Entre R\u00edos fueron agasajados ayer por la embajada argentina en esa naci\u00f3n asi\u00e1tica.<\/p>\n<p>El discurso de bienvenida estuvo a cargo de la embajadora argentina en Tailandia, Alicia Sonschein, quien hace un a\u00f1o y medio asumi\u00f3 en ese cargo. La diplom\u00e1tica destac\u00f3 la posibilidad que los empresarios de las tres provincias que integran la comitiva tendr\u00e1n esta semana de participar como pa\u00eds socio de la feria Thaifex en Bangkok, un evento regional \u00fanico que sincroniza los sectores p\u00fablico y privado y en el que intervendr\u00e1n 2000 expositores de productos alimenticios y 55 mil visitantes profesionales, entre mayoristas y minoristas internacionales.<\/p>\n<p>Ser pa\u00eds de honor le otorgar\u00e1 a las empresas participantes (31 en total y diez de Santa Fe) mayor visibilidad para potenciar sus oportunidades de contactos, promoci\u00f3n comercial y negocios. Tambi\u00e9n posibilitar\u00e1 un encuentro exclusivo entre los empresarios de la regi\u00f3n centro y 150 de los m\u00e1s importantes compradores de todo Asia Pac\u00edfico.<\/p>\n<p><strong>El d\u00eda de los tres gobernadores<\/strong><\/p>\n<p>Con la llegada de Lifschitz a Bangkok en la tarde del lunes, se complet\u00f3 el elenco de gobernadores de la Regi\u00f3n Centro. Por la tarde-noche del sudeste asi\u00e1tico, junto a sus pares de C\u00f3rdoba, Juan Schiaretti, y de Entre R\u00edos, Gustavo Bordet, se encontraron por primera vez en suelo tailand\u00e9s en el agasajo que la embajada en Tailandia le realiz\u00f3 en un sal\u00f3n aleda\u00f1o a la casa diplom\u00e1tica, con vinos argentinos y empanadas.<\/p>\n<p>Esta es una de las pocas veces que los tres gobernadores de la Regi\u00f3n Centro encabezan una misi\u00f3n comercial internacional, a pesar de que esta es la n\u00famero doce que organiza el Consejo Federal de Inversiones.<\/p>\n<p>Junto al gobernador tambi\u00e9n viajaron el secretario de Industria, Emiliano Pietropaolo, y la subsecretaria de Planificaci\u00f3n del Ministerio de la Producci\u00f3n, Gabriela Filipini, quien tambi\u00e9n es directora de la Agencia Santa Fe de Inversores y Comercio Internacional (Santa Fe Global). Esta organizaci\u00f3n es la encargada de darle continuidad a las oportunidades de negocios que se abren con cada misi\u00f3n comercial.<\/p>\n<p><strong>Inserci\u00f3n internacional<\/strong><\/p>\n<p>En su discurso ante los tres gobernadores, la embajadora de Tailandia resalto que las tres provincias que integran la Regi\u00f3n Centro son grandes productoras de alimentos, y reafirm\u00f3 la voluntad de Argentina de \u201cser uno de los pa\u00edses exportadores y productores de alimentos m\u00e1s importantes del mundo\u201d.<\/p>\n<p>Ah\u00ed fue cuando cit\u00f3 al presidente de la Naci\u00f3n cuando al asumir la Presidencia dijo en 2015 que \u201cArgentina debe dejar de ser el granero del mundo para convertirse en el supermercado del mundo\u201d.<\/p>\n<p>\u201cArgentina -dijo- cree firmemente que un futuro prometedor radica en una creciente inserci\u00f3n inteligente en el mundo\u201d, y prometi\u00f3 que \u201ctrabajaremos juntos para enfrentar cualquier desaf\u00edo y brindar soluciones a nuestros pueblos para crear empleos y hacer una vida mejor para las generaciones futuras\u201d.<\/p>\n<p>&nbsp;<\/p>\n<p>&nbsp;<\/p>\n<p>Fuente: Sin Mordaza<\/p>\n<!-- AddThis Advanced Settings generic via filter on the_content --><!-- AddThis Share Buttons generic via filter on the_content -->","protected":false},"excerpt":{"rendered":"<p>Lo subray\u00f3 la embajadora argentina en ese pa\u00eds, quien dio la bienvenida a la misi\u00f3n comercial [&hellip;]<!-- AddThis Advanced Settings generic via filter on get_the_excerpt --><!-- AddThis Share Buttons generic via filter on get_the_excerpt --><\/p>\n","protected":false},"author":13,"featured_media":26028,"comment_status":"open","ping_status":"open","sticky":false,"template":"","format":"standard","meta":{"_seopress_robots_primary_cat":"","_seopress_titles_title":"","_seopress_titles_desc":"","_seopress_robots_index":"","_themeisle_gutenberg_block_has_review":false,"footnotes":""},"categories":[5,48,29],"tags":[],"class_list":["post-26027","post","type-post","status-publish","format-standard","has-post-thumbnail","hentry","category-economia","category-provinciales","category-regionales"],"_links":{"self":[{"href":"https:\/\/www.almargenweb.com.ar\/web\/wp-json\/wp\/v2\/posts\/26027","targetHints":{"allow":["GET"]}}],"collection":[{"href":"https:\/\/www.almargenweb.com.ar\/web\/wp-json\/wp\/v2\/posts"}],"about":[{"href":"https:\/\/www.almargenweb.com.ar\/web\/wp-json\/wp\/v2\/types\/post"}],"author":[{"embeddable":true,"href":"https:\/\/www.almargenweb.com.ar\/web\/wp-json\/wp\/v2\/users\/13"}],"replies":[{"embeddable":true,"href":"https:\/\/www.almargenweb.com.ar\/web\/wp-json\/wp\/v2\/comments?post=26027"}],"version-history":[{"count":2,"href":"https:\/\/www.almargenweb.com.ar\/web\/wp-json\/wp\/v2\/posts\/26027\/revisions"}],"predecessor-version":[{"id":26030,"href":"https:\/\/www.almargenweb.com.ar\/web\/wp-json\/wp\/v2\/posts\/26027\/revisions\/26030"}],"wp:featuredmedia":[{"embeddable":true,"href":"https:\/\/www.almargenweb.com.ar\/web\/wp-json\/wp\/v2\/media\/26028"}],"wp:attachment":[{"href":"https:\/\/www.almargenweb.com.ar\/web\/wp-json\/wp\/v2\/media?parent=26027"}],"wp:term":[{"taxonomy":"category","embeddable":true,"href":"https:\/\/www.almargenweb.com.ar\/web\/wp-json\/wp\/v2\/categories?post=26027"},{"taxonomy":"post_tag","embeddable":true,"href":"https:\/\/www.almargenweb.com.ar\/web\/wp-json\/wp\/v2\/tags?post=26027"}],"curies":[{"name":"wp","href":"https:\/\/api.w.org\/{rel}","templated":true}]}}