{"id":26021,"date":"2018-05-28T12:15:12","date_gmt":"2018-05-28T15:15:12","guid":{"rendered":"http:\/\/www.almargenweb.com.ar\/web\/?p=26021"},"modified":"2018-05-28T12:15:12","modified_gmt":"2018-05-28T15:15:12","slug":"los-palmeras-estaran-en-la-despedida-de-argentina","status":"publish","type":"post","link":"https:\/\/www.almargenweb.com.ar\/web\/los-palmeras-estaran-en-la-despedida-de-argentina\/","title":{"rendered":"Los Palmeras estar\u00e1n en la despedida de Argentina"},"content":{"rendered":"<p>2018 no ser\u00e1 un a\u00f1o m\u00e1s para Los Palmeras. Luego de llevar el espect\u00e1culo con la Filarm\u00f3nica de Santa Fe por distintas localidades del pa\u00eds (Buenos Aires, Carlos Paz, Rosario, Paran\u00e1), el grupo musical emblema de la cumbia santafesina ahora grabar\u00e1 un videoclip en la despedida de la Selecci\u00f3n Argentina.<\/p>\n<p>El equipo nacional tiene previsto este martes jugar un partido amistoso frente a su par de Hait\u00ed en la cancha de Boca Jrs. En este marco, Los Palmeras filmar\u00e1n el videoclip de la canci\u00f3n \u201cVamos a volver\u201d, escrita especialmente para el Mundial de Rusia 2018.<\/p>\n<p>En un reciente reportaje a Diario Ol\u00e9, Marcos Camino afirm\u00f3: \u201cVamos a ir a la cancha y vamos a entrar como cualquier hijo de vecino. Es m\u00e1s, creo que est\u00e1 todo dado para que con Cacho estemos los dos en la tribuna junto a La 12\u201d.<\/p>\n<p>Adem\u00e1s, uno de los l\u00edderes de Los Palmeras expres\u00f3: \u201cLa producci\u00f3n del video contar\u00e1 con dos c\u00e1maras y tambi\u00e9n con un dron, que har\u00e1 im\u00e1genes del p\u00fablico y de los jugadores. Tal vez el foco se centre m\u00e1s que nada en el himno, que en estos casos la gente lo canta de una manera muy particular\u201d.<\/p>\n<p>En la misma entrevista, \u201cCacho\u201d Deicas explic\u00f3: \u201cEst\u00e1 todo dado para que el video est\u00e9 listo en los primeros d\u00edas de junio.\u201d<\/p>\n<!-- AddThis Advanced Settings generic via filter on the_content --><!-- AddThis Share Buttons generic via filter on the_content -->","protected":false},"excerpt":{"rendered":"<p>2018 no ser\u00e1 un a\u00f1o m\u00e1s para Los Palmeras. Luego de llevar el espect\u00e1culo con la [&hellip;]<!-- AddThis Advanced Settings generic via filter on get_the_excerpt --><!-- AddThis Share Buttons generic via filter on get_the_excerpt --><\/p>\n","protected":false},"author":14,"featured_media":26022,"comment_status":"open","ping_status":"open","sticky":false,"template":"","format":"standard","meta":{"_seopress_robots_primary_cat":"","_seopress_titles_title":"","_seopress_titles_desc":"","_seopress_robots_index":"","_themeisle_gutenberg_block_has_review":false,"footnotes":""},"categories":[3],"tags":[136,135],"class_list":["post-26021","post","type-post","status-publish","format-standard","has-post-thumbnail","hentry","category-cultura","tag-argentina","tag-los-palmeras"],"_links":{"self":[{"href":"https:\/\/www.almargenweb.com.ar\/web\/wp-json\/wp\/v2\/posts\/26021","targetHints":{"allow":["GET"]}}],"collection":[{"href":"https:\/\/www.almargenweb.com.ar\/web\/wp-json\/wp\/v2\/posts"}],"about":[{"href":"https:\/\/www.almargenweb.com.ar\/web\/wp-json\/wp\/v2\/types\/post"}],"author":[{"embeddable":true,"href":"https:\/\/www.almargenweb.com.ar\/web\/wp-json\/wp\/v2\/users\/14"}],"replies":[{"embeddable":true,"href":"https:\/\/www.almargenweb.com.ar\/web\/wp-json\/wp\/v2\/comments?post=26021"}],"version-history":[{"count":1,"href":"https:\/\/www.almargenweb.com.ar\/web\/wp-json\/wp\/v2\/posts\/26021\/revisions"}],"predecessor-version":[{"id":26023,"href":"https:\/\/www.almargenweb.com.ar\/web\/wp-json\/wp\/v2\/posts\/26021\/revisions\/26023"}],"wp:featuredmedia":[{"embeddable":true,"href":"https:\/\/www.almargenweb.com.ar\/web\/wp-json\/wp\/v2\/media\/26022"}],"wp:attachment":[{"href":"https:\/\/www.almargenweb.com.ar\/web\/wp-json\/wp\/v2\/media?parent=26021"}],"wp:term":[{"taxonomy":"category","embeddable":true,"href":"https:\/\/www.almargenweb.com.ar\/web\/wp-json\/wp\/v2\/categories?post=26021"},{"taxonomy":"post_tag","embeddable":true,"href":"https:\/\/www.almargenweb.com.ar\/web\/wp-json\/wp\/v2\/tags?post=26021"}],"curies":[{"name":"wp","href":"https:\/\/api.w.org\/{rel}","templated":true}]}}