{"id":25912,"date":"2018-05-16T09:31:44","date_gmt":"2018-05-16T12:31:44","guid":{"rendered":"http:\/\/www.almargenweb.com.ar\/web\/?p=25912"},"modified":"2018-05-16T09:43:53","modified_gmt":"2018-05-16T12:43:53","slug":"banco-nacion-abrira-su-sucursal-en-franck","status":"publish","type":"post","link":"https:\/\/www.almargenweb.com.ar\/web\/banco-nacion-abrira-su-sucursal-en-franck\/","title":{"rendered":"BANCO NACI\u00d3N ABRIR\u00c1 SUCURSAL EN FRANCK."},"content":{"rendered":"<p>Con el objetivo de abarcar nuevas regiones con presencia institucional y acercar servicios financieros y asistencia a personas, comercios y Pymes, el Banco Naci\u00f3n abrir\u00e1 sus puertas en Franck.<\/p>\n<p>El presidente comunal Javier Enrico junto al vicepresidente Dami\u00e1n Franzen y miembros de Comisi\u00f3n Comunal, recibieron en la Comuna de Franck al gerente zonal del Banco Naci\u00f3n, \u00c1ngel Cabral y al representante del sector empresas de dicha entidad, Diego Coelho, quienes expusieron los fundamentos para la radicaci\u00f3n de la entidad bancaria en Franck, destacando el gran crecimiento tanto poblacional como econ\u00f3mico de la localidad, motivado por la gran industria, la potencialidad y entendimientos del sector Pyme; como as\u00ed tambi\u00e9n la ubicaci\u00f3n estrat\u00e9gica de Franck, enmarc\u00e1ndose como punto referencial en la regi\u00f3n.<\/p>\n<p>Los funcionarios comunales, expresaron la preponderancia institucional que trae la llegada del Banco como as\u00ed tambi\u00e9n, el aporte de nuevas herramientas para apuntalar y fomentar el desarrollo productivo en sus diferentes rubros.<\/p>\n<!-- AddThis Advanced Settings generic via filter on the_content --><!-- AddThis Share Buttons generic via filter on the_content -->","protected":false},"excerpt":{"rendered":"<p>Con el objetivo de abarcar nuevas regiones con presencia institucional y acercar servicios financieros y asistencia [&hellip;]<!-- AddThis Advanced Settings generic via filter on get_the_excerpt --><!-- AddThis Share Buttons generic via filter on get_the_excerpt --><\/p>\n","protected":false},"author":14,"featured_media":25913,"comment_status":"open","ping_status":"open","sticky":false,"template":"","format":"standard","meta":{"_seopress_robots_primary_cat":"","_seopress_titles_title":"","_seopress_titles_desc":"","_seopress_robots_index":"","_themeisle_gutenberg_block_has_review":false,"footnotes":""},"categories":[21],"tags":[96,95],"class_list":["post-25912","post","type-post","status-publish","format-standard","has-post-thumbnail","hentry","category-las-colonias","tag-banco-nacion","tag-franck"],"_links":{"self":[{"href":"https:\/\/www.almargenweb.com.ar\/web\/wp-json\/wp\/v2\/posts\/25912","targetHints":{"allow":["GET"]}}],"collection":[{"href":"https:\/\/www.almargenweb.com.ar\/web\/wp-json\/wp\/v2\/posts"}],"about":[{"href":"https:\/\/www.almargenweb.com.ar\/web\/wp-json\/wp\/v2\/types\/post"}],"author":[{"embeddable":true,"href":"https:\/\/www.almargenweb.com.ar\/web\/wp-json\/wp\/v2\/users\/14"}],"replies":[{"embeddable":true,"href":"https:\/\/www.almargenweb.com.ar\/web\/wp-json\/wp\/v2\/comments?post=25912"}],"version-history":[{"count":2,"href":"https:\/\/www.almargenweb.com.ar\/web\/wp-json\/wp\/v2\/posts\/25912\/revisions"}],"predecessor-version":[{"id":25915,"href":"https:\/\/www.almargenweb.com.ar\/web\/wp-json\/wp\/v2\/posts\/25912\/revisions\/25915"}],"wp:featuredmedia":[{"embeddable":true,"href":"https:\/\/www.almargenweb.com.ar\/web\/wp-json\/wp\/v2\/media\/25913"}],"wp:attachment":[{"href":"https:\/\/www.almargenweb.com.ar\/web\/wp-json\/wp\/v2\/media?parent=25912"}],"wp:term":[{"taxonomy":"category","embeddable":true,"href":"https:\/\/www.almargenweb.com.ar\/web\/wp-json\/wp\/v2\/categories?post=25912"},{"taxonomy":"post_tag","embeddable":true,"href":"https:\/\/www.almargenweb.com.ar\/web\/wp-json\/wp\/v2\/tags?post=25912"}],"curies":[{"name":"wp","href":"https:\/\/api.w.org\/{rel}","templated":true}]}}