{"id":25866,"date":"2018-05-14T08:36:01","date_gmt":"2018-05-14T11:36:01","guid":{"rendered":"http:\/\/www.almargenweb.com.ar\/web\/?p=25866"},"modified":"2018-05-14T08:36:01","modified_gmt":"2018-05-14T11:36:01","slug":"hoy-indagan-al-menor-acusado-de-asesinar-a-augusto-paulon","status":"publish","type":"post","link":"https:\/\/www.almargenweb.com.ar\/web\/hoy-indagan-al-menor-acusado-de-asesinar-a-augusto-paulon\/","title":{"rendered":"Hoy indagan al menor acusado de asesinar a Augusto Paul\u00f3n"},"content":{"rendered":"<p>Ser\u00e1 en el Juzgado de Primera Instancia del Distrito de Menores de la 1\u00aa Nominaci\u00f3n, a cargo de Manuel Games. El joven se entreg\u00f3 el pasado jueves tras ser buscado durante cinco meses.<\/p>\n<p>Augusto Paul\u00f3n falleci\u00f3 el pasado 19 de enero tras recibir dos disparos en barrio Fomento 9 de Julio.<\/p>\n<p>Este lunes, en el Juzgado de Primera Instancia del Distrito de Menores de la 1\u00aa Nominaci\u00f3n de la ciudad de Santa Fe, se llevar\u00e1 a cabo la audiencia indagatoria para el joven implicado en el crimen de Augusto Paul\u00f3n, el joven peluquero de 23 a\u00f1os que en la madrugada del 19 de enero recibi\u00f3 dos impactos de bala tras salir en una selfie con una joven que era pareja del hoy acusado.<\/p>\n<p>La audiencia fue fijada para las 9 y ser\u00e1 ante el juez Manuel Games en el juzgado de calle 9 de Julio 1832. En la misma, el imputado, Leonel C. de 17 a\u00f1os, deber\u00e1 explicarle al magistrado su versi\u00f3n de los hechos por los cuales era requerido por la Justicia.<\/p>\n<!-- AddThis Advanced Settings generic via filter on the_content --><!-- AddThis Share Buttons generic via filter on the_content -->","protected":false},"excerpt":{"rendered":"<p>Ser\u00e1 en el Juzgado de Primera Instancia del Distrito de Menores de la 1\u00aa Nominaci\u00f3n, a [&hellip;]<!-- AddThis Advanced Settings generic via filter on get_the_excerpt --><!-- AddThis Share Buttons generic via filter on get_the_excerpt --><\/p>\n","protected":false},"author":14,"featured_media":25867,"comment_status":"open","ping_status":"open","sticky":false,"template":"","format":"standard","meta":{"_seopress_robots_primary_cat":"","_seopress_titles_title":"","_seopress_titles_desc":"","_seopress_robots_index":"","_themeisle_gutenberg_block_has_review":false,"footnotes":""},"categories":[48],"tags":[80,81],"class_list":["post-25866","post","type-post","status-publish","format-standard","has-post-thumbnail","hentry","category-provinciales","tag-asesinato","tag-paulon"],"_links":{"self":[{"href":"https:\/\/www.almargenweb.com.ar\/web\/wp-json\/wp\/v2\/posts\/25866","targetHints":{"allow":["GET"]}}],"collection":[{"href":"https:\/\/www.almargenweb.com.ar\/web\/wp-json\/wp\/v2\/posts"}],"about":[{"href":"https:\/\/www.almargenweb.com.ar\/web\/wp-json\/wp\/v2\/types\/post"}],"author":[{"embeddable":true,"href":"https:\/\/www.almargenweb.com.ar\/web\/wp-json\/wp\/v2\/users\/14"}],"replies":[{"embeddable":true,"href":"https:\/\/www.almargenweb.com.ar\/web\/wp-json\/wp\/v2\/comments?post=25866"}],"version-history":[{"count":1,"href":"https:\/\/www.almargenweb.com.ar\/web\/wp-json\/wp\/v2\/posts\/25866\/revisions"}],"predecessor-version":[{"id":25868,"href":"https:\/\/www.almargenweb.com.ar\/web\/wp-json\/wp\/v2\/posts\/25866\/revisions\/25868"}],"wp:featuredmedia":[{"embeddable":true,"href":"https:\/\/www.almargenweb.com.ar\/web\/wp-json\/wp\/v2\/media\/25867"}],"wp:attachment":[{"href":"https:\/\/www.almargenweb.com.ar\/web\/wp-json\/wp\/v2\/media?parent=25866"}],"wp:term":[{"taxonomy":"category","embeddable":true,"href":"https:\/\/www.almargenweb.com.ar\/web\/wp-json\/wp\/v2\/categories?post=25866"},{"taxonomy":"post_tag","embeddable":true,"href":"https:\/\/www.almargenweb.com.ar\/web\/wp-json\/wp\/v2\/tags?post=25866"}],"curies":[{"name":"wp","href":"https:\/\/api.w.org\/{rel}","templated":true}]}}