{"id":25226,"date":"2017-09-14T10:04:24","date_gmt":"2017-09-14T13:04:24","guid":{"rendered":"http:\/\/www.almargenweb.com.ar\/web\/?p=25226"},"modified":"2017-09-14T10:04:19","modified_gmt":"2017-09-14T13:04:19","slug":"continuan-los-trabajos-de-repavimentacion-de-la-ruta-n-6","status":"publish","type":"post","link":"https:\/\/www.almargenweb.com.ar\/web\/continuan-los-trabajos-de-repavimentacion-de-la-ruta-n-6\/","title":{"rendered":"Contin\u00faan los trabajos de repavimentaci\u00f3n de la Ruta N\u00b0 6"},"content":{"rendered":"<p>El tramo de 16,5 kil\u00f3metros mejorar\u00e1 el tr\u00e1nsito entre la Autov\u00eda 19 y San Carlos Sud. La inversi\u00f3n supera los 133 millones de pesos y el plazo de ejecuci\u00f3n de ser\u00e1 de 9 meses<!--more--><\/p>\n<p>La empresa INAR VIAL S.A. -adjudicataria de la obra- contin\u00faa con los trabajos de repavimentaci\u00f3n de la Ruta Provincial N\u00b0 6, por cuenta del Gobierno de la Provincia de Santa Fe.<\/p>\n<p>El tramo de este proyecto de obra presenta una longitud de 16,5 kil\u00f3metros sobre la Ruta Provincial N\u00b0 6 con orientaci\u00f3n norte-sur y se desarrolla desde la intersecci\u00f3n de la Ruta Nacional N\u00ba 19, pasando por San Carlos Norte, San Carlos Centro y San Carlos Sud.<\/p>\n<p>La traza se encuentra emplazada en terrenos llanos con caracter\u00edsticas rurales y urbanas, de acuerdo a la secci\u00f3n, y presenta calzada de pavimento de hormig\u00f3n y banquinas de suelos cubiertas por vegetaci\u00f3n. La obra vial, que tiene un plazo de nueve meses, mejorar\u00e1 la capacidad de transporte del camino e incluye la reconstrucci\u00f3n de banquinas y se\u00f1alizaci\u00f3n, tanto vertical como horizontal.<\/p>\n<p>Vale destacar que el presupuesto oficial es de $ 133.670.977 millones de pesos.<\/p>\n<!-- AddThis Advanced Settings generic via filter on the_content --><!-- AddThis Share Buttons generic via filter on the_content -->","protected":false},"excerpt":{"rendered":"<p>El tramo de 16,5 kil\u00f3metros mejorar\u00e1 el tr\u00e1nsito entre la Autov\u00eda 19 y San Carlos Sud. [&hellip;]<!-- AddThis Advanced Settings generic via filter on get_the_excerpt --><!-- AddThis Share Buttons generic via filter on get_the_excerpt --><\/p>\n","protected":false},"author":11,"featured_media":25227,"comment_status":"open","ping_status":"open","sticky":false,"template":"","format":"standard","meta":{"_seopress_robots_primary_cat":"","_seopress_titles_title":"","_seopress_titles_desc":"","_seopress_robots_index":"","_themeisle_gutenberg_block_has_review":false,"footnotes":""},"categories":[24],"tags":[],"class_list":["post-25226","post","type-post","status-publish","format-standard","has-post-thumbnail","hentry","category-obras-publicas"],"_links":{"self":[{"href":"https:\/\/www.almargenweb.com.ar\/web\/wp-json\/wp\/v2\/posts\/25226","targetHints":{"allow":["GET"]}}],"collection":[{"href":"https:\/\/www.almargenweb.com.ar\/web\/wp-json\/wp\/v2\/posts"}],"about":[{"href":"https:\/\/www.almargenweb.com.ar\/web\/wp-json\/wp\/v2\/types\/post"}],"author":[{"embeddable":true,"href":"https:\/\/www.almargenweb.com.ar\/web\/wp-json\/wp\/v2\/users\/11"}],"replies":[{"embeddable":true,"href":"https:\/\/www.almargenweb.com.ar\/web\/wp-json\/wp\/v2\/comments?post=25226"}],"version-history":[{"count":1,"href":"https:\/\/www.almargenweb.com.ar\/web\/wp-json\/wp\/v2\/posts\/25226\/revisions"}],"predecessor-version":[{"id":25228,"href":"https:\/\/www.almargenweb.com.ar\/web\/wp-json\/wp\/v2\/posts\/25226\/revisions\/25228"}],"wp:featuredmedia":[{"embeddable":true,"href":"https:\/\/www.almargenweb.com.ar\/web\/wp-json\/wp\/v2\/media\/25227"}],"wp:attachment":[{"href":"https:\/\/www.almargenweb.com.ar\/web\/wp-json\/wp\/v2\/media?parent=25226"}],"wp:term":[{"taxonomy":"category","embeddable":true,"href":"https:\/\/www.almargenweb.com.ar\/web\/wp-json\/wp\/v2\/categories?post=25226"},{"taxonomy":"post_tag","embeddable":true,"href":"https:\/\/www.almargenweb.com.ar\/web\/wp-json\/wp\/v2\/tags?post=25226"}],"curies":[{"name":"wp","href":"https:\/\/api.w.org\/{rel}","templated":true}]}}