{"id":25184,"date":"2017-09-11T14:32:10","date_gmt":"2017-09-11T17:32:10","guid":{"rendered":"http:\/\/www.almargenweb.com.ar\/web\/?p=25184"},"modified":"2017-09-11T14:32:10","modified_gmt":"2017-09-11T17:32:10","slug":"licitaron-la-reconstruccion-del-centro-de-distribucion-de-energia-de-esperanza","status":"publish","type":"post","link":"https:\/\/www.almargenweb.com.ar\/web\/licitaron-la-reconstruccion-del-centro-de-distribucion-de-energia-de-esperanza\/","title":{"rendered":"Licitaron la reconstrucci\u00f3n del Centro de Distribuci\u00f3n de Energ\u00eda de Esperanza"},"content":{"rendered":"<p>El vicegobernador Carlos Fascendini encabez\u00f3 la apertura de sobres para licitar las obras para la estaci\u00f3n transformadora de Esperanza.&nbsp; Se presentaron tres ofertas. Las obras tienen un plazo de ocho meses y un presupuesto oficial cercano a los 40 millones de pesos<!--more--><\/p>\n<p>Carlos Fascendini y la secretaria de Estado de Energ\u00eda, Ver\u00f3nica Geese destacaron la importancia de esta obra, que llega a su licitaci\u00f3n tras meses de elaboraci\u00f3n de los pliegos. &#8220;Es una verdadera satisfacci\u00f3n estar ac\u00e1 en la ciudad a siete meses de un evento extraordinario y desgraciado que produjo un da\u00f1o realmente inusitado y que dej\u00f3&nbsp; a pr\u00e1cticamente toda la ciudad sin producci\u00f3n de energ\u00eda&#8221; destac\u00f3 el Vicegobernador antes de la apertura de sobres.<\/p>\n<p>&#8220;Esta crisis -continu\u00f3-, que hemos podido superar, nos da la oportunidad&nbsp; de tener una nueva estaci\u00f3n transformadora que se hace ya con la \u00faltima tecnolog\u00eda y con chances de ampliaci\u00f3n que van a dar la posibilidad de que en el futuro se pueda atender mayor demanda. Estamos asistiendo a una inusitada cantidad de inversiones en la provincia de Santa Fe, en toda materia y en todo orden&#8221; agreg\u00f3 Fascendini<\/p>\n<p>&#8220;Lo podemos ver en Esperanza -enfatiz\u00f3 el Vicegobernador-, pero esto se replica en todo el territorio. La recuperaci\u00f3n de la ruta 70 entre otras, el canal Alem; obras que tienen que ver con el desarrollo econ\u00f3mico, y social, que tienen que ver con la inclusi\u00f3n y con la integraci\u00f3n del territorio&#8221;.<\/p>\n<p>&nbsp;<\/p>\n<p>M\u00e1s adelante Fascendini record\u00f3 que &#8220;para alcanzar esos objetivos, es necesario contar con agua potable, energ\u00eda suficiente y caminos transitables. Estamos llevando a todo el territorio lo que nos comprometimos a hacer, podemos decir a 20 meses de gesti\u00f3n, cumplimos con lo que prometimos en campa\u00f1a con el gobernador Lifschitz y tambi\u00e9n avanzamos en muchas otras cosas&#8221;.<\/p>\n<p>Y agreg\u00f3, &#8220;para seguir adelante se necesitan recursos, es importante que entendamos eso porque estamos en momento de discusiones que tienen que ver con las coparticipaciones que es lo que le corresponde a las provincias. Hay un nuevo r\u00e9gimen tributario que todos queremos reformar, pero donde todos tenemos que tener cuidado para defender lo que le corresponde a la provincia, porque eso le corresponde a cada uno de los ciudadanos&#8221;.<\/p>\n<p>Finalmente, el Vicegobernador insisti\u00f3 en que &#8220;esta es una obra m\u00e1s de las que se est\u00e1n licitando pr\u00e1cticamente todos los d\u00edas, queremos seguir por este camino, pero para eso tenemos que tener bien en claro que no podemos perder lo que hemos ganado , lo que nos corresponde y debemos seguir reclamando lo que nos falta recuperar&#8221;.<\/p>\n<p>Las tres empresas que presentaron ofertas fueron: V.F.M. S.A por $44.545.400 + IVA; Bauza Ingenier\u00eda S.R.L por $32.344.368 + IVA; y Sistelec Ingenier\u00eda S.A&nbsp; por $38.664.585 + IVA.<\/p>\n<p>&nbsp;<\/p>\n<p>&nbsp;<\/p>\n<p>&nbsp;<\/p>\n<!-- AddThis Advanced Settings generic via filter on the_content --><!-- AddThis Share Buttons generic via filter on the_content -->","protected":false},"excerpt":{"rendered":"<p>El vicegobernador Carlos Fascendini encabez\u00f3 la apertura de sobres para licitar las obras para la estaci\u00f3n [&hellip;]<!-- AddThis Advanced Settings generic via filter on get_the_excerpt --><!-- AddThis Share Buttons generic via filter on get_the_excerpt --><\/p>\n","protected":false},"author":11,"featured_media":25182,"comment_status":"open","ping_status":"open","sticky":false,"template":"","format":"standard","meta":{"_seopress_robots_primary_cat":"","_seopress_titles_title":"","_seopress_titles_desc":"","_seopress_robots_index":"","_themeisle_gutenberg_block_has_review":false,"footnotes":""},"categories":[24],"tags":[],"class_list":["post-25184","post","type-post","status-publish","format-standard","has-post-thumbnail","hentry","category-obras-publicas"],"_links":{"self":[{"href":"https:\/\/www.almargenweb.com.ar\/web\/wp-json\/wp\/v2\/posts\/25184","targetHints":{"allow":["GET"]}}],"collection":[{"href":"https:\/\/www.almargenweb.com.ar\/web\/wp-json\/wp\/v2\/posts"}],"about":[{"href":"https:\/\/www.almargenweb.com.ar\/web\/wp-json\/wp\/v2\/types\/post"}],"author":[{"embeddable":true,"href":"https:\/\/www.almargenweb.com.ar\/web\/wp-json\/wp\/v2\/users\/11"}],"replies":[{"embeddable":true,"href":"https:\/\/www.almargenweb.com.ar\/web\/wp-json\/wp\/v2\/comments?post=25184"}],"version-history":[{"count":1,"href":"https:\/\/www.almargenweb.com.ar\/web\/wp-json\/wp\/v2\/posts\/25184\/revisions"}],"predecessor-version":[{"id":25185,"href":"https:\/\/www.almargenweb.com.ar\/web\/wp-json\/wp\/v2\/posts\/25184\/revisions\/25185"}],"wp:featuredmedia":[{"embeddable":true,"href":"https:\/\/www.almargenweb.com.ar\/web\/wp-json\/wp\/v2\/media\/25182"}],"wp:attachment":[{"href":"https:\/\/www.almargenweb.com.ar\/web\/wp-json\/wp\/v2\/media?parent=25184"}],"wp:term":[{"taxonomy":"category","embeddable":true,"href":"https:\/\/www.almargenweb.com.ar\/web\/wp-json\/wp\/v2\/categories?post=25184"},{"taxonomy":"post_tag","embeddable":true,"href":"https:\/\/www.almargenweb.com.ar\/web\/wp-json\/wp\/v2\/tags?post=25184"}],"curies":[{"name":"wp","href":"https:\/\/api.w.org\/{rel}","templated":true}]}}