{"id":25122,"date":"2017-09-08T05:50:00","date_gmt":"2017-09-08T08:50:00","guid":{"rendered":"http:\/\/www.almargenweb.com.ar\/web\/?p=25122"},"modified":"2017-09-07T10:48:20","modified_gmt":"2017-09-07T13:48:20","slug":"15-ofertas-para-la-segunda-etapa-del-acueducto","status":"publish","type":"post","link":"https:\/\/www.almargenweb.com.ar\/web\/15-ofertas-para-la-segunda-etapa-del-acueducto\/","title":{"rendered":"15 ofertas para la segunda etapa del acueducto"},"content":{"rendered":"<p>El gobernador Miguel Lifschitz, junto al ministro de Infraestructura y Transporte, Jos\u00e9 Garibay, encabez\u00f3 la apertura de sobres con los antecedentes t\u00e9cnicos de empresas que llevar\u00e1n adelante los cinco tramos de construcci\u00f3n de la Segunda Etapa. La obra beneficiar\u00e1 a Matilde, San Carlos Sud, San Carlos Centro, Sa Pereira y San Mariano.<!--more--><\/p>\n<p>Con un presupuesto oficial de $2.631.677.203, se presentaron 15 ofertas para llevar adelante la construcci\u00f3n.<\/p>\n<p>Luego de evaluados y aprobados los antecedentes, aproximadamente en sesenta d\u00edas, se estar\u00e1n conociendo las propuestas econ\u00f3micas. Esto ocurrir\u00e1 aproximadamente en unos 60 d\u00edas explic\u00f3 Lifschitz.<\/p>\n<p>\u201cSanta Fe es una provincia que tiene 800 kil\u00f3metros de costa sobre uno de los r\u00edos m\u00e1s caudalosos del mundo, expres\u00f3 el gobernador, sin embrago, por m\u00e1s de 200 a\u00f1os, gran parte no tuvo un acceso directo al agua potable de calidad. Grandes ciudades muy pr\u00f3ximas al r\u00edo como San Lorenzo o Santo Tom\u00e9, hasta hoy, no cuentan con agua del r\u00edo\u201d.<\/p>\n<p>Lifschitz resalt\u00f3 \u201cMe toc\u00f3 a m\u00ed encarar la segunda etapa de los tres. En el caso de Rafaela, la segunda etapa, que es el acueducto que conecta a Desv\u00edo Arij\u00f3n con esta ciudad, atravesando varias localidades.<\/p>\n<p>OBRA<\/p>\n<p>En esta segunda etapa que es motivo de la licitaci\u00f3n, se ejecuta el ramal, la arteria principal del acueducto hasta Rafaela, cubriendo la alimentaci\u00f3n de ocho localidades, alcanzando a una poblaci\u00f3n de 120 mil habitantes con una proyecci\u00f3n de dise\u00f1o a 30 a\u00f1os de m\u00e1s de 180 mil habitantes.<\/p>\n<p>Se dividi\u00f3 en cinco tramos: el primero, desde la planta potabilizadora de Desv\u00edo Arij\u00f3n hasta la estaci\u00f3n elevadora N\u00ba 2, cercana a Matilde, contempla un acueducto que tiene aproximadamente 10 kil\u00f3metros, un presupuesto oficial de 417 millones de pesos y un plazo estimado de 24 meses. Incluso este primer tramo contempla la ampliaci\u00f3n de la planta potabilizadora y un segundo m\u00f3dulo de potabilizaci\u00f3n, llevando la capacidad a 1000 litros por segundo\u201d.<\/p>\n<p>\u201cEl segundo tramo va desde la estaci\u00f3n elevadora 2 hasta la estaci\u00f3n elevadora N\u00ba 3 cercana a San Carlos Centro, tiene un recorrido de aproximadamente 20 kil\u00f3metros, el presupuesto oficial es de 435 millones de pesos y un plazo de ejecuci\u00f3n de 18 meses, y dentro de sus obras contempla el centro de distribuci\u00f3n y el ramal de acueducto de aproximaci\u00f3n a la localidad de Matilde\u201d.<\/p>\n<p>\u201cEl tercer tramo que va desde la estaci\u00f3n 3 en San Carlos Centro a la estaci\u00f3n elevadora N\u00ba 4 pr\u00f3xima a San Mariano, m\u00e1s precisamente con el cruce con la ruta 10, va a tener 24 kil\u00f3metros de longitud, un presupuesto oficial de 435 millones de pesos y dentro de sus obras contempla lo que ser\u00eda el centro de distribuci\u00f3n de San Carlos Centro y el acueducto de aproximaci\u00f3n del mismo\u201d.<\/p>\n<p>\u201cEl tramo 4 que va desde la estaci\u00f3n elevadora 4 hasta la N\u00ba 5 que est\u00e1 sobre la ruta 19 en la proximidad del cruce con la 34, tendr\u00e1 27 metros de longitud, tambi\u00e9n en ca\u00f1er\u00eda de 1000 mil\u00edmetros, su presupuesto es de 585 millones de pesos, un plazo estimado de ejecuci\u00f3n de 18 meses y contempla los centros de distribuci\u00f3n tanto de Sa Pereira como el de San Mariano y sus correspondientes acueductos de derivaci\u00f3n desde el troncal\u201d.<\/p>\n<p>\u201cPor \u00faltimo, el tramo m\u00e1s largo, N\u00ba 5: 28 kil\u00f3metros, que va desde la estaci\u00f3n 5 hasta Rafaela, con un presupuesto oficial de 695 millones de pesos, un plazo estimado de 24 meses y dentro de las obras, el centro de distribuci\u00f3n de las localidades tanto de Ang\u00e9lica, como de Susana y Rafaela\u201d.<\/p>\n<p>OFERTAS<\/p>\n<p>En la oportunidad, 15 empresas presentaron ofertas t\u00e9cnicas: la UTE conformada por Pose SA \u2013 Oshi SA; la UT Tecsa Sa \u2013 Panedile Argentina SA \u2013 Eleprint SA; Milicic SA; la UT JCR SA \u2013 Proyecci\u00f3n Electroluz SRL; la UT Edeca SA \u2013 Nestor Julio Guerechet SA; UT Coemyc SA \u2013 Mundo Construcciones SA; UT WERK SRL \u2013 Del Sol SRL; UT Cocyar SA \u2013 Winkelmann SRL \u2013 Pilatti SA; UT Pecam SA \u2013 Obring SA \u2013 Brajkovic; Deca Vial SAICAC; UT Riva SA \u2013 Burgwardticia SA; UT Cartellone Construcciones Civiles SA \u2013 Goetze Lobato Engenharia LTA; UT V\u00edctor Contreras SA \u2013 Dinale SA; UT Peitel SA \u2013 Servicios Vertua SA; y UT Vial Agro SA \u2013 Ecosur SA.(Fuente: El Cronista de Las Colonias)<\/p>\n<p>&nbsp;<\/p>\n<p>&nbsp;<\/p>\n<p>&nbsp;<\/p>\n<p>&nbsp;<\/p>\n<p>&nbsp;<\/p>\n<p>&nbsp;<\/p>\n<p>&nbsp;<\/p>\n<p>&nbsp;<\/p>\n<p>&nbsp;<\/p>\n<p>&nbsp;<\/p>\n<p>&nbsp;<\/p>\n<!-- AddThis Advanced Settings generic via filter on the_content --><!-- AddThis Share Buttons generic via filter on the_content -->","protected":false},"excerpt":{"rendered":"<p>El gobernador Miguel Lifschitz, junto al ministro de Infraestructura y Transporte, Jos\u00e9 Garibay, encabez\u00f3 la apertura [&hellip;]<!-- AddThis Advanced Settings generic via filter on get_the_excerpt --><!-- AddThis Share Buttons generic via filter on get_the_excerpt --><\/p>\n","protected":false},"author":11,"featured_media":25123,"comment_status":"open","ping_status":"open","sticky":false,"template":"","format":"standard","meta":{"_seopress_robots_primary_cat":"","_seopress_titles_title":"","_seopress_titles_desc":"","_seopress_robots_index":"","_themeisle_gutenberg_block_has_review":false,"footnotes":""},"categories":[24],"tags":[],"class_list":["post-25122","post","type-post","status-publish","format-standard","has-post-thumbnail","hentry","category-obras-publicas"],"_links":{"self":[{"href":"https:\/\/www.almargenweb.com.ar\/web\/wp-json\/wp\/v2\/posts\/25122","targetHints":{"allow":["GET"]}}],"collection":[{"href":"https:\/\/www.almargenweb.com.ar\/web\/wp-json\/wp\/v2\/posts"}],"about":[{"href":"https:\/\/www.almargenweb.com.ar\/web\/wp-json\/wp\/v2\/types\/post"}],"author":[{"embeddable":true,"href":"https:\/\/www.almargenweb.com.ar\/web\/wp-json\/wp\/v2\/users\/11"}],"replies":[{"embeddable":true,"href":"https:\/\/www.almargenweb.com.ar\/web\/wp-json\/wp\/v2\/comments?post=25122"}],"version-history":[{"count":1,"href":"https:\/\/www.almargenweb.com.ar\/web\/wp-json\/wp\/v2\/posts\/25122\/revisions"}],"predecessor-version":[{"id":25124,"href":"https:\/\/www.almargenweb.com.ar\/web\/wp-json\/wp\/v2\/posts\/25122\/revisions\/25124"}],"wp:featuredmedia":[{"embeddable":true,"href":"https:\/\/www.almargenweb.com.ar\/web\/wp-json\/wp\/v2\/media\/25123"}],"wp:attachment":[{"href":"https:\/\/www.almargenweb.com.ar\/web\/wp-json\/wp\/v2\/media?parent=25122"}],"wp:term":[{"taxonomy":"category","embeddable":true,"href":"https:\/\/www.almargenweb.com.ar\/web\/wp-json\/wp\/v2\/categories?post=25122"},{"taxonomy":"post_tag","embeddable":true,"href":"https:\/\/www.almargenweb.com.ar\/web\/wp-json\/wp\/v2\/tags?post=25122"}],"curies":[{"name":"wp","href":"https:\/\/api.w.org\/{rel}","templated":true}]}}