{"id":25025,"date":"2017-08-31T05:53:13","date_gmt":"2017-08-31T08:53:13","guid":{"rendered":"http:\/\/www.almargenweb.com.ar\/web\/?p=25025"},"modified":"2017-08-30T10:51:41","modified_gmt":"2017-08-30T13:51:41","slug":"san-jeronimo-norte-trabajos-en-la-ruta-67-s","status":"publish","type":"post","link":"https:\/\/www.almargenweb.com.ar\/web\/san-jeronimo-norte-trabajos-en-la-ruta-67-s\/","title":{"rendered":"San Jer\u00f3nimo Norte: trabajos en la Ruta 67-S"},"content":{"rendered":"<p>Con posterioridad a la firma del convenio con la Direcci\u00f3n Provincial de Vialidad (DPV), personal de la comuna local comenz\u00f3 con las tareas de mejoramiento y recomposici\u00f3n de la traza, que conecta la localidad con Santa Mar\u00eda Norte. La obra comprende el alteo del camino, desag\u00fces y ripiado de 9 kil\u00f3metros.<!--more--><\/p>\n<p>Luego de la firma del convenio entre autoridades comunales de Santa Mar\u00eda Norte y San Jer\u00f3nimo Norte, con funcionarios de la Direcci\u00f3n Provincial de Vialidad (DPV), personal de ambas comunas comenzaron a trabajar en la reparaci\u00f3n de la Ruta Provincial N\u00ba 67-S.<\/p>\n<p>El proyecto de renovaci\u00f3n de la traza vial permitir\u00e1 recuperar la transitabilidad y conectar de forma correcta a ambas comunidades del departamento Las Colonias.<\/p>\n<p>El convenio permitir\u00e1 la construcci\u00f3n de estabilizado granular sobre la Ruta Provincial 67-S tramo San Jer\u00f3nimo Norte- Santa Mar\u00eda Norte.<\/p>\n<p>Vialidad Provincial gir\u00f3 la primera parte de los fondos para los trabajos en el distrito. &nbsp;La inversi\u00f3n total &nbsp;alcanza los 3,5 millones de pesos, solamente para lo que comprende el distrito de San Jer\u00f3nimo Norte.<\/p>\n<p>Vialidad aporta los fondos para comprar el ripio y la tierra, en tanto la comuna pone la mano de obra, la maquinaria y el combustible.<\/p>\n<p>Es una ruta muy importante, no solo para el tr\u00e1nsito de personas, sino tambi\u00e9n de la producci\u00f3n agr\u00edcola y tambera de la zona.<\/p>\n<p>&nbsp;<\/p>\n<p>&nbsp;<\/p>\n<p>&nbsp;<\/p>\n<p>&nbsp;<\/p>\n<p>&nbsp;<\/p>\n<p>&nbsp;<\/p>\n<p>&nbsp;<\/p>\n<p>&nbsp;<\/p>\n<!-- AddThis Advanced Settings generic via filter on the_content --><!-- AddThis Share Buttons generic via filter on the_content -->","protected":false},"excerpt":{"rendered":"<p>Con posterioridad a la firma del convenio con la Direcci\u00f3n Provincial de Vialidad (DPV), personal de [&hellip;]<!-- AddThis Advanced Settings generic via filter on get_the_excerpt --><!-- AddThis Share Buttons generic via filter on get_the_excerpt --><\/p>\n","protected":false},"author":11,"featured_media":25026,"comment_status":"open","ping_status":"open","sticky":false,"template":"","format":"standard","meta":{"_seopress_robots_primary_cat":"","_seopress_titles_title":"","_seopress_titles_desc":"","_seopress_robots_index":"","_themeisle_gutenberg_block_has_review":false,"footnotes":""},"categories":[24],"tags":[],"class_list":["post-25025","post","type-post","status-publish","format-standard","has-post-thumbnail","hentry","category-obras-publicas"],"_links":{"self":[{"href":"https:\/\/www.almargenweb.com.ar\/web\/wp-json\/wp\/v2\/posts\/25025","targetHints":{"allow":["GET"]}}],"collection":[{"href":"https:\/\/www.almargenweb.com.ar\/web\/wp-json\/wp\/v2\/posts"}],"about":[{"href":"https:\/\/www.almargenweb.com.ar\/web\/wp-json\/wp\/v2\/types\/post"}],"author":[{"embeddable":true,"href":"https:\/\/www.almargenweb.com.ar\/web\/wp-json\/wp\/v2\/users\/11"}],"replies":[{"embeddable":true,"href":"https:\/\/www.almargenweb.com.ar\/web\/wp-json\/wp\/v2\/comments?post=25025"}],"version-history":[{"count":1,"href":"https:\/\/www.almargenweb.com.ar\/web\/wp-json\/wp\/v2\/posts\/25025\/revisions"}],"predecessor-version":[{"id":25027,"href":"https:\/\/www.almargenweb.com.ar\/web\/wp-json\/wp\/v2\/posts\/25025\/revisions\/25027"}],"wp:featuredmedia":[{"embeddable":true,"href":"https:\/\/www.almargenweb.com.ar\/web\/wp-json\/wp\/v2\/media\/25026"}],"wp:attachment":[{"href":"https:\/\/www.almargenweb.com.ar\/web\/wp-json\/wp\/v2\/media?parent=25025"}],"wp:term":[{"taxonomy":"category","embeddable":true,"href":"https:\/\/www.almargenweb.com.ar\/web\/wp-json\/wp\/v2\/categories?post=25025"},{"taxonomy":"post_tag","embeddable":true,"href":"https:\/\/www.almargenweb.com.ar\/web\/wp-json\/wp\/v2\/tags?post=25025"}],"curies":[{"name":"wp","href":"https:\/\/api.w.org\/{rel}","templated":true}]}}