{"id":24415,"date":"2017-07-25T11:09:20","date_gmt":"2017-07-25T14:09:20","guid":{"rendered":"http:\/\/www.almargenweb.com.ar\/web\/?p=24415"},"modified":"2017-07-25T11:09:20","modified_gmt":"2017-07-25T14:09:20","slug":"fascendini-siempre-es-importante-sumar-mayores-comodidades-en-la-vida-urbana","status":"publish","type":"post","link":"https:\/\/www.almargenweb.com.ar\/web\/fascendini-siempre-es-importante-sumar-mayores-comodidades-en-la-vida-urbana\/","title":{"rendered":"Fascendini: &#8221; Siempre es importante sumar mayores comodidades en la vida urbana&#8221;"},"content":{"rendered":"<p>En la ciudad de San Crist\u00f3bal se inaugur\u00f3 la obra de pavimento urbano en calle Salta, con iluminaci\u00f3n LED. Se trata de una inversi\u00f3n superior al mill\u00f3n cien mil pesos.<!--more--><\/p>\n<p>La obra mejora la calidad de vida de los vecinos de San Crist\u00f3bal que gozan ya de estas cuadras de pavimento, sino que fue dotado este sector con iluminaci\u00f3n moderna de tecnolog\u00eda LED.<\/p>\n<p>&nbsp;El Vicegobernador de la Provincia se\u00f1al\u00f3 que \u201csiempre es grato ver el regocijo de los vecinos que pueden sumar mayores comodidades en la vida urbana, no s\u00f3lo con el pavimento sino tambi\u00e9n con luces led y otras obras&#8221;.<\/p>\n<p>\u201cEstamos -prosigui\u00f3- ante el mayor y m\u00e1s ambicioso plan de obras p\u00fablicas de la historia de la Provincia. Tenemos previsto para este a\u00f1o una inversi\u00f3n en obras de infraestructuras de 28.800 millones, o sea un 20% del presupuesto provincial\u201d.<\/p>\n<p>&nbsp;En tanto el senador Felipe Michlig remarc\u00f3 que &#8220;esto aporta a la urbanizaci\u00f3n que los tiempos actuales demandan. Hoy tenemos alrededor de 170 millones invertidos en asfalto en esta ciudad a trav\u00e9s de los distintos intendentes de los \u00faltimos 10 a\u00f1os. Por otra parte hay una gran cantidad de ripio y unas pocas cuadras de tierra, que a este ritmo no ser\u00e1 por mucho tiempo m\u00e1s\u201d.<\/p>\n<p>&nbsp;<\/p>\n<!-- AddThis Advanced Settings generic via filter on the_content --><!-- AddThis Share Buttons generic via filter on the_content -->","protected":false},"excerpt":{"rendered":"<p>En la ciudad de San Crist\u00f3bal se inaugur\u00f3 la obra de pavimento urbano en calle Salta, [&hellip;]<!-- AddThis Advanced Settings generic via filter on get_the_excerpt --><!-- AddThis Share Buttons generic via filter on get_the_excerpt --><\/p>\n","protected":false},"author":11,"featured_media":24416,"comment_status":"open","ping_status":"open","sticky":false,"template":"","format":"standard","meta":{"_seopress_robots_primary_cat":"","_seopress_titles_title":"","_seopress_titles_desc":"","_seopress_robots_index":"","_themeisle_gutenberg_block_has_review":false,"footnotes":""},"categories":[24],"tags":[],"class_list":["post-24415","post","type-post","status-publish","format-standard","has-post-thumbnail","hentry","category-obras-publicas"],"_links":{"self":[{"href":"https:\/\/www.almargenweb.com.ar\/web\/wp-json\/wp\/v2\/posts\/24415","targetHints":{"allow":["GET"]}}],"collection":[{"href":"https:\/\/www.almargenweb.com.ar\/web\/wp-json\/wp\/v2\/posts"}],"about":[{"href":"https:\/\/www.almargenweb.com.ar\/web\/wp-json\/wp\/v2\/types\/post"}],"author":[{"embeddable":true,"href":"https:\/\/www.almargenweb.com.ar\/web\/wp-json\/wp\/v2\/users\/11"}],"replies":[{"embeddable":true,"href":"https:\/\/www.almargenweb.com.ar\/web\/wp-json\/wp\/v2\/comments?post=24415"}],"version-history":[{"count":1,"href":"https:\/\/www.almargenweb.com.ar\/web\/wp-json\/wp\/v2\/posts\/24415\/revisions"}],"predecessor-version":[{"id":24417,"href":"https:\/\/www.almargenweb.com.ar\/web\/wp-json\/wp\/v2\/posts\/24415\/revisions\/24417"}],"wp:featuredmedia":[{"embeddable":true,"href":"https:\/\/www.almargenweb.com.ar\/web\/wp-json\/wp\/v2\/media\/24416"}],"wp:attachment":[{"href":"https:\/\/www.almargenweb.com.ar\/web\/wp-json\/wp\/v2\/media?parent=24415"}],"wp:term":[{"taxonomy":"category","embeddable":true,"href":"https:\/\/www.almargenweb.com.ar\/web\/wp-json\/wp\/v2\/categories?post=24415"},{"taxonomy":"post_tag","embeddable":true,"href":"https:\/\/www.almargenweb.com.ar\/web\/wp-json\/wp\/v2\/tags?post=24415"}],"curies":[{"name":"wp","href":"https:\/\/api.w.org\/{rel}","templated":true}]}}