{"id":24374,"date":"2017-07-24T05:55:25","date_gmt":"2017-07-24T08:55:25","guid":{"rendered":"http:\/\/www.almargenweb.com.ar\/web\/?p=24374"},"modified":"2017-07-22T20:07:52","modified_gmt":"2017-07-22T23:07:52","slug":"ruta-provincial-n-70-avanza-la-obra-en-jurisdiccion-de-colonia-nueva-por-cuenta-y-orden-de-la-provincia","status":"publish","type":"post","link":"https:\/\/www.almargenweb.com.ar\/web\/ruta-provincial-n-70-avanza-la-obra-en-jurisdiccion-de-colonia-nueva-por-cuenta-y-orden-de-la-provincia\/","title":{"rendered":"Ruta Provincial N\u00b0 70: avanza la obra en jurisdicci\u00f3n de Colonia Nueva, por cuenta y orden de la Provincia"},"content":{"rendered":"<p>La empresa Rava, por cuenta y orden del gobierno de la provincia de Santa Fe, lleva a cabo los trabajos de bacheo profundo, que luego se completa con la nueva carpeta asf\u00e1ltica. Esta etapa abarca desde el kil\u00f3metro 52, hacia el oeste llegando a la localidad de Humboldt, trabajos&nbsp; esperados por vecinos, transportistas y empresarios de la regi\u00f3n.<!--more--><\/p>\n<p>La empresa adjudicataria de la obra, contin\u00faa con los trabajos de repavimentaci\u00f3n de la Ruta Provincial N\u00b0 70, desde la rotonda de ingreso a Nuevo Torino, hacia Humboldt.<\/p>\n<p>En esta oportunidad los trabajos de bacheo profundo y posterior colocaci\u00f3n de la nueva carpeta asf\u00e1ltica, se llevan a cabo en jurisdicci\u00f3n de Colonia Nueva.<\/p>\n<p>En concreto la obra, en esta etapa abarca desde el kil\u00f3metro 52, hacia el oeste llegando a la localidad de Humboldt.<\/p>\n<p>La inversi\u00f3n est\u00e1 en el orden de los de los 105 millones de pesos en la primera etapa de trabajos que comenz\u00f3 entre la Ruta Provincial N\u00b0 10 y la Ruta Nacional N\u00b0 11.<\/p>\n<p>&nbsp;<\/p>\n<p>&nbsp;<\/p>\n<p>&nbsp;<\/p>\n<p>&nbsp;<\/p>\n<p>&nbsp;<\/p>\n<p>&nbsp;<\/p>\n<p>&nbsp;<\/p>\n<!-- AddThis Advanced Settings generic via filter on the_content --><!-- AddThis Share Buttons generic via filter on the_content -->","protected":false},"excerpt":{"rendered":"<p>La empresa Rava, por cuenta y orden del gobierno de la provincia de Santa Fe, lleva [&hellip;]<!-- AddThis Advanced Settings generic via filter on get_the_excerpt --><!-- AddThis Share Buttons generic via filter on get_the_excerpt --><\/p>\n","protected":false},"author":11,"featured_media":24375,"comment_status":"open","ping_status":"open","sticky":false,"template":"","format":"standard","meta":{"_seopress_robots_primary_cat":"","_seopress_titles_title":"","_seopress_titles_desc":"","_seopress_robots_index":"","_themeisle_gutenberg_block_has_review":false,"footnotes":""},"categories":[24],"tags":[],"class_list":["post-24374","post","type-post","status-publish","format-standard","has-post-thumbnail","hentry","category-obras-publicas"],"_links":{"self":[{"href":"https:\/\/www.almargenweb.com.ar\/web\/wp-json\/wp\/v2\/posts\/24374","targetHints":{"allow":["GET"]}}],"collection":[{"href":"https:\/\/www.almargenweb.com.ar\/web\/wp-json\/wp\/v2\/posts"}],"about":[{"href":"https:\/\/www.almargenweb.com.ar\/web\/wp-json\/wp\/v2\/types\/post"}],"author":[{"embeddable":true,"href":"https:\/\/www.almargenweb.com.ar\/web\/wp-json\/wp\/v2\/users\/11"}],"replies":[{"embeddable":true,"href":"https:\/\/www.almargenweb.com.ar\/web\/wp-json\/wp\/v2\/comments?post=24374"}],"version-history":[{"count":1,"href":"https:\/\/www.almargenweb.com.ar\/web\/wp-json\/wp\/v2\/posts\/24374\/revisions"}],"predecessor-version":[{"id":24376,"href":"https:\/\/www.almargenweb.com.ar\/web\/wp-json\/wp\/v2\/posts\/24374\/revisions\/24376"}],"wp:featuredmedia":[{"embeddable":true,"href":"https:\/\/www.almargenweb.com.ar\/web\/wp-json\/wp\/v2\/media\/24375"}],"wp:attachment":[{"href":"https:\/\/www.almargenweb.com.ar\/web\/wp-json\/wp\/v2\/media?parent=24374"}],"wp:term":[{"taxonomy":"category","embeddable":true,"href":"https:\/\/www.almargenweb.com.ar\/web\/wp-json\/wp\/v2\/categories?post=24374"},{"taxonomy":"post_tag","embeddable":true,"href":"https:\/\/www.almargenweb.com.ar\/web\/wp-json\/wp\/v2\/tags?post=24374"}],"curies":[{"name":"wp","href":"https:\/\/api.w.org\/{rel}","templated":true}]}}