{"id":24069,"date":"2017-06-30T06:00:39","date_gmt":"2017-06-30T09:00:39","guid":{"rendered":"http:\/\/www.almargenweb.com.ar\/web\/?p=24069"},"modified":"2017-06-29T11:20:06","modified_gmt":"2017-06-29T14:20:06","slug":"fascendini-se-reunio-con-el-intendente-de-san-carlos-jorge-placenzotti","status":"publish","type":"post","link":"https:\/\/www.almargenweb.com.ar\/web\/fascendini-se-reunio-con-el-intendente-de-san-carlos-jorge-placenzotti\/","title":{"rendered":"Fascendini se reuni\u00f3 con el intendente de San Carlos, Jorge Placenzotti"},"content":{"rendered":"<p>&nbsp;<\/p>\n<p>El Vicegobernador y el Intendente sancarlino recorrieron las obras edilicias del Instituto del Profesorado n\u00b060, que la municipalidad construye con fondos propios en terrenos municipales.<!--more--><\/p>\n<p>Durante la visita de Carlos Fascendini a San Carlos Centro, el Ing. Jorge Placenzotti lo invit\u00f3 a recorrer las obras llevan adelante en lotes propios y con recursos genuinos de la municipalidad. En este espacio se ubicar\u00e1 el Instituto Superior del Profesorado n\u00b0 60 anexo San Carlos. Se trata de un edificio de dos plantas, que tendr\u00e1 1205 metros cuadrados cubiertos, y se encuentra en su primera etapa.<\/p>\n<p>Fascendini y Placenzotti dialogaron acerca de la importancia de la educaci\u00f3n y la capacitaci\u00f3n profesional que este Instituto brinda. Adem\u00e1s del desaf\u00edo y las dificultades que la municipalidad experimenta al llevar adelante este edificio escolar en base al esfuerzo municipal.<\/p>\n<p>Atento a ello, el Vicegobernador ofreci\u00f3 su apoyo. y adelant\u00f3 que se instrumentar\u00e1n los mecanismos para que desde la Provincia, se pueda colaborar con el financiamiento de esta obra.<\/p>\n<p>El intendente Placenzotti se refiri\u00f3 a este desaf\u00edo se\u00f1alando que \u201chay que invertir para mejorar la educaci\u00f3n, y eso es prioritario en nuestra gesti\u00f3n. Educaci\u00f3n debe ser sin\u00f3nimo de futuro. Para nosotros el futuro no se habla, se construye. Es por eso que en esta obra invertiremos significativos recursos propios, y si Dios quiere, estimamos finalizarla para de Julio 2019\u201d.<\/p>\n<p>LA CONSTRUCCI\u00d3N<\/p>\n<p>Se emplaza en un terreno ubicado en la intersecci\u00f3n de las calles Mitre y 1\u00ba de Mayo. La planta baja contiene trece aulas. Adem\u00e1s, cuenta con laboratorio y biblioteca. La planta alta se reserva para un Sal\u00f3n de Usos M\u00faltiples con una superficie total de 200 m2.<\/p>\n<p>&nbsp;<\/p>\n<!-- AddThis Advanced Settings generic via filter on the_content --><!-- AddThis Share Buttons generic via filter on the_content -->","protected":false},"excerpt":{"rendered":"<p>&nbsp; El Vicegobernador y el Intendente sancarlino recorrieron las obras edilicias del Instituto del Profesorado n\u00b060, [&hellip;]<!-- AddThis Advanced Settings generic via filter on get_the_excerpt --><!-- AddThis Share Buttons generic via filter on get_the_excerpt --><\/p>\n","protected":false},"author":11,"featured_media":24070,"comment_status":"open","ping_status":"open","sticky":false,"template":"","format":"standard","meta":{"_seopress_robots_primary_cat":"","_seopress_titles_title":"","_seopress_titles_desc":"","_seopress_robots_index":"","_themeisle_gutenberg_block_has_review":false,"footnotes":""},"categories":[24],"tags":[],"class_list":["post-24069","post","type-post","status-publish","format-standard","has-post-thumbnail","hentry","category-obras-publicas"],"_links":{"self":[{"href":"https:\/\/www.almargenweb.com.ar\/web\/wp-json\/wp\/v2\/posts\/24069","targetHints":{"allow":["GET"]}}],"collection":[{"href":"https:\/\/www.almargenweb.com.ar\/web\/wp-json\/wp\/v2\/posts"}],"about":[{"href":"https:\/\/www.almargenweb.com.ar\/web\/wp-json\/wp\/v2\/types\/post"}],"author":[{"embeddable":true,"href":"https:\/\/www.almargenweb.com.ar\/web\/wp-json\/wp\/v2\/users\/11"}],"replies":[{"embeddable":true,"href":"https:\/\/www.almargenweb.com.ar\/web\/wp-json\/wp\/v2\/comments?post=24069"}],"version-history":[{"count":1,"href":"https:\/\/www.almargenweb.com.ar\/web\/wp-json\/wp\/v2\/posts\/24069\/revisions"}],"predecessor-version":[{"id":24071,"href":"https:\/\/www.almargenweb.com.ar\/web\/wp-json\/wp\/v2\/posts\/24069\/revisions\/24071"}],"wp:featuredmedia":[{"embeddable":true,"href":"https:\/\/www.almargenweb.com.ar\/web\/wp-json\/wp\/v2\/media\/24070"}],"wp:attachment":[{"href":"https:\/\/www.almargenweb.com.ar\/web\/wp-json\/wp\/v2\/media?parent=24069"}],"wp:term":[{"taxonomy":"category","embeddable":true,"href":"https:\/\/www.almargenweb.com.ar\/web\/wp-json\/wp\/v2\/categories?post=24069"},{"taxonomy":"post_tag","embeddable":true,"href":"https:\/\/www.almargenweb.com.ar\/web\/wp-json\/wp\/v2\/tags?post=24069"}],"curies":[{"name":"wp","href":"https:\/\/api.w.org\/{rel}","templated":true}]}}