{"id":24066,"date":"2017-06-29T06:25:46","date_gmt":"2017-06-29T09:25:46","guid":{"rendered":"http:\/\/www.almargenweb.com.ar\/web\/?p=24066"},"modified":"2017-06-28T22:44:21","modified_gmt":"2017-06-29T01:44:21","slug":"fascendini-presidio-el-acto-de-inauguracion-de-la-obra-de-repavimentacion-del-acceso-a-santo-domingo","status":"publish","type":"post","link":"https:\/\/www.almargenweb.com.ar\/web\/fascendini-presidio-el-acto-de-inauguracion-de-la-obra-de-repavimentacion-del-acceso-a-santo-domingo\/","title":{"rendered":"Fascendini presidio el acto de inauguraci\u00f3n de la obra de repavimentacion del acceso a Santo Domingo"},"content":{"rendered":"<p>El vicegobernador de la Provincia de Santa Fe, Carlos Alcides Fascendini, presidio el acto de inauguraci\u00f3n de las obras de repavimentaci\u00f3n del acceso a Santo Domingo.<!--more--><\/p>\n<p>Tambien estuvieron presentes, el titular comunal de Santo Domingo, Dar\u00edo Riva; los presidentes comunales de Progreso, Julio C. Muller y de La Pelada, Julio Dandolo, el sub director<\/p>\n<p>de la Direcci\u00f3n Provincial de Vialidad, Roberto Ti\u00f3n &nbsp;fuerzas vivas, delegaciones escolares y otras autoridades pol\u00edticas de la zona<\/p>\n<p>La obra est\u00e1 compuesta por la repavimentaci\u00f3n de 3,2 kil\u00f3metros, y demand\u00f3 la inversi\u00f3n total de 13.406.00 pesos y algo m\u00e1s de dos meses de trabajos para su conclusi\u00f3n.<\/p>\n<p>CARLOS ALCIDES FASCENDINI<\/p>\n<p>\u201cAl Margen\u201d, presente en el lugar, dialog\u00f3&nbsp; con el vicegobernador de la Provincia de Santa Fe, Carlos Alcides Fascendini, quien se refiri\u00f3 al motivo del acto en estos t\u00e9rminos: \u201cEstos actos ya son habituales por la gran cantidad de obras. Adem\u00e1s, en este caso particular, se enmarca en lo que dijo el Gobernador Miguel Lifschiftz, que todas las localidades deb\u00edan tener un acceso en condiciones para su pueblo, para que la gente pueda desplazarse por el mismo, sin contratiempos.<\/p>\n<p>Aqu\u00ed se agreg\u00f3 el pavimento de la plaza \u2013 acot\u00f3 Fascendini &#8211; y la d\u00e1rsena para los colectivos, lo cual es muy importante y muy atinado, gracias a una observaci\u00f3n que nos formularon desde la presidencia comunal de Santo Domingo, porque, en los d\u00edas de lluvia, los colectivos deb\u00edan estacionar sobre la cinta asf\u00e1ltica, con el riesgo &nbsp;&nbsp;&nbsp;&nbsp; que ello conlleva.<\/p>\n<p>Esto es una muestra de lo que vamos a tener de aqu\u00ed en adelante. Estamos hablando de m\u00e1s de 850 kil\u00f3metros de caminos repavimentados en un a\u00f1o y medio y aproximadamente, 170 kil\u00f3metros de pavimento nuevo, de las obras ya terminadas, en ejecuci\u00f3n o licitadas y pr\u00f3ximo a iniciarse.<\/p>\n<p>Si Dios quiere &#8211; remarc\u00f3 &#8211; y podemos seguir por este camino, a fin de la gesti\u00f3n habremos recuperado la casi totalidad de la red vial provincial, casi 4.000 kil\u00f3metros.<\/p>\n<p>En un a\u00f1o y medio recuperamos un cuarto de toda la red, lo que nos parece un n\u00famero muy importante, con el esfuerzo de todos, legislatura, intendentes y presidentes comunales y un equipo de gobierno que trabaja a full para cristalizar este plan de obras- finaliz\u00f3 el Vicegobernador-.<\/p>\n<p>DARIO RIVA<\/p>\n<p>Por su parte, el presidente de la Comuna de Santo Domingo, Dar\u00edo Riva, tambien dialog\u00f3 con Al Margen\u201d y fue contundente a la hora de definir la importancia de la obra concretada: \u201dEstamos realmente satisfechos dijo&nbsp; Riva &#8211; Hemos gestionado durante mucho tiempo y obtuvimos resultados m\u00e1s que importantes, como la obra perimetral de nuestra plaza principal \u2013 8 cuadras en total -sobre el que ten\u00eda algunas dudas en cuanto a su realizaci\u00f3n, porque el gobierno provincial no tiene nada que ver con la plaza de un pueblo, pero nos dio una respuesta positiva, el vicegobernador Fascendini nos ayud\u00f3 much\u00edsimo tanto en eso, como en el acceso, lo que va a redundar en beneficio de toda la poblaci\u00f3n\u201d, finaliz\u00f3 Riva.<\/p>\n<!-- AddThis Advanced Settings generic via filter on the_content --><!-- AddThis Share Buttons generic via filter on the_content -->","protected":false},"excerpt":{"rendered":"<p>El vicegobernador de la Provincia de Santa Fe, Carlos Alcides Fascendini, presidio el acto de inauguraci\u00f3n [&hellip;]<!-- AddThis Advanced Settings generic via filter on get_the_excerpt --><!-- AddThis Share Buttons generic via filter on get_the_excerpt --><\/p>\n","protected":false},"author":11,"featured_media":24067,"comment_status":"open","ping_status":"open","sticky":false,"template":"","format":"standard","meta":{"_seopress_robots_primary_cat":"","_seopress_titles_title":"","_seopress_titles_desc":"","_seopress_robots_index":"","_themeisle_gutenberg_block_has_review":false,"footnotes":""},"categories":[24],"tags":[],"class_list":["post-24066","post","type-post","status-publish","format-standard","has-post-thumbnail","hentry","category-obras-publicas"],"_links":{"self":[{"href":"https:\/\/www.almargenweb.com.ar\/web\/wp-json\/wp\/v2\/posts\/24066","targetHints":{"allow":["GET"]}}],"collection":[{"href":"https:\/\/www.almargenweb.com.ar\/web\/wp-json\/wp\/v2\/posts"}],"about":[{"href":"https:\/\/www.almargenweb.com.ar\/web\/wp-json\/wp\/v2\/types\/post"}],"author":[{"embeddable":true,"href":"https:\/\/www.almargenweb.com.ar\/web\/wp-json\/wp\/v2\/users\/11"}],"replies":[{"embeddable":true,"href":"https:\/\/www.almargenweb.com.ar\/web\/wp-json\/wp\/v2\/comments?post=24066"}],"version-history":[{"count":1,"href":"https:\/\/www.almargenweb.com.ar\/web\/wp-json\/wp\/v2\/posts\/24066\/revisions"}],"predecessor-version":[{"id":24068,"href":"https:\/\/www.almargenweb.com.ar\/web\/wp-json\/wp\/v2\/posts\/24066\/revisions\/24068"}],"wp:featuredmedia":[{"embeddable":true,"href":"https:\/\/www.almargenweb.com.ar\/web\/wp-json\/wp\/v2\/media\/24067"}],"wp:attachment":[{"href":"https:\/\/www.almargenweb.com.ar\/web\/wp-json\/wp\/v2\/media?parent=24066"}],"wp:term":[{"taxonomy":"category","embeddable":true,"href":"https:\/\/www.almargenweb.com.ar\/web\/wp-json\/wp\/v2\/categories?post=24066"},{"taxonomy":"post_tag","embeddable":true,"href":"https:\/\/www.almargenweb.com.ar\/web\/wp-json\/wp\/v2\/tags?post=24066"}],"curies":[{"name":"wp","href":"https:\/\/api.w.org\/{rel}","templated":true}]}}