{"id":24056,"date":"2017-06-29T06:05:49","date_gmt":"2017-06-29T09:05:49","guid":{"rendered":"http:\/\/www.almargenweb.com.ar\/web\/?p=24056"},"modified":"2017-06-28T10:44:53","modified_gmt":"2017-06-28T13:44:53","slug":"licitaron-la-segunda-etapa-del-acueducto-desvio-arijon","status":"publish","type":"post","link":"https:\/\/www.almargenweb.com.ar\/web\/licitaron-la-segunda-etapa-del-acueducto-desvio-arijon\/","title":{"rendered":"Licitaron la segunda etapa del Acueducto Desv\u00edo Arij\u00f3n"},"content":{"rendered":"<p>La inversi\u00f3n total supera los 2600 millones de pesos y se financiar\u00e1 con un cr\u00e9dito internacional y con aportes propios de la provincia. Los trabajos beneficiar\u00e1n a las comunidades de Matilde, Sa Pereira, San Mariano, San Carlos Centro y Sud.<!--more--><\/p>\n<p>El gobernador Miguel Lifschitz presidi\u00f3 &nbsp;un acto en el que inform\u00f3 que la provincia recibi\u00f3 la aprobaci\u00f3n del cr\u00e9dito solicitado al Fondo de Abu Dabi para el Desarrollo (ADFD) para financiar la segunda etapa del acueducto Desv\u00edo Arij\u00f3n, por 80 millones de d\u00f3lares.<\/p>\n<p>Adem\u00e1s, anunci\u00f3 el llamado a licitaci\u00f3n para dar inicio a los trabajos que, en total, demandar\u00e1n una inversi\u00f3n de 2600 millones de pesos.<\/p>\n<p>En esta segunda etapa, el acueducto extender\u00e1 la provisi\u00f3n de agua potable a las localidades de Matilde, San Mariano, Sa Pereira, San Carlos Centro y San Carlos Sur.<\/p>\n<p>A partir de la aprobaci\u00f3n del Fondo de Abu Dabi, la provincia accedi\u00f3 a un financiamiento crediticio por U$S 80 millones que le permitir\u00e1n costear el 50% del monto total que se prev\u00e9 invertir en la ejecuci\u00f3n de la segunda etapa del Acueducto Desv\u00edo Arij\u00f3n. El pr\u00e9stamo es a 15 a\u00f1os, con una tasa de inter\u00e9s del 5% anual y los fondos ser\u00e1n desembolsados por el organismo en forma mensual, a partir de la certificaci\u00f3n del avance en la ejecuci\u00f3n de las obras.<\/p>\n<p>\u201cEsta es una obra clave porque viene a resolver un problema hist\u00f3rico de Rafaela y de todas las localidades del departamento Las Colonias y Castellanos, que han tenido problemas con la calidad y la provisi\u00f3n del agua potable desde siempre, y que se han ido agudizando con el correr del tiempo\u201d, reconoci\u00f3 el gobernador.<\/p>\n<p>&nbsp;<\/p>\n<p>Lifschitz indic\u00f3 que \u201cla soluci\u00f3n que estamos encarando se demor\u00f3 por distintas razones, pero hoy podemos celebrar que, con mucha perseverancia y constancia, siguiendo las gestiones y tr\u00e1mites, hemos logrado el financiamiento\u201d.<\/p>\n<p>\u201cEs bueno aclarar que el financiamiento externo no abarca la totalidad del monto de la obra, sino aproximadamente un 50%. El otro 50%, de esos casi 2700 millones de pesos, va a ser financiado con recursos propios de la provincia\u201d y explic\u00f3 que \u201cen los pr\u00f3ximos 24 meses, as\u00ed como el Fondo va a desembolsar su parte, tambi\u00e9n desde el Presupuesto provincial haremos nuestra parte: unos 1400 millones de pesos para hacer viable a este proyecto en un plazo corto\u201d.<\/p>\n<p>Asimismo, indic\u00f3 que \u201cestrat\u00e9gicamente hemos elegido licitar la obra en cinco tramos, para que haya m\u00e1s empresas participando; empresas de Santa Fe, que si lo hubi\u00e9ramos hecho en un solo paquete quiz\u00e1s las firmas locales no hubieran tenido chance\u201d y aclar\u00f3 que \u201cninguna empresa puede tomar m\u00e1s de dos tramos\u201d.<\/p>\n<p>El gobernador dijo que \u201csi se cumplen los plazos, estaremos inaugurando en dos a\u00f1os esta important\u00edsima obra que tiene un profundo contenido social, de equidad e igualdad parta todos los santafesinos: garantizar el derecho al agua potable\u201d.<\/p>\n<p>&nbsp;<\/p>\n<p>&nbsp;<\/p>\n<p>&nbsp;<\/p>\n<p>&nbsp;<\/p>\n<p>&nbsp;<\/p>\n<p>&nbsp;<\/p>\n<p>&nbsp;<\/p>\n<!-- AddThis Advanced Settings generic via filter on the_content --><!-- AddThis Share Buttons generic via filter on the_content -->","protected":false},"excerpt":{"rendered":"<p>La inversi\u00f3n total supera los 2600 millones de pesos y se financiar\u00e1 con un cr\u00e9dito internacional [&hellip;]<!-- AddThis Advanced Settings generic via filter on get_the_excerpt --><!-- AddThis Share Buttons generic via filter on get_the_excerpt --><\/p>\n","protected":false},"author":11,"featured_media":24057,"comment_status":"open","ping_status":"open","sticky":false,"template":"","format":"standard","meta":{"_seopress_robots_primary_cat":"","_seopress_titles_title":"","_seopress_titles_desc":"","_seopress_robots_index":"","_themeisle_gutenberg_block_has_review":false,"footnotes":""},"categories":[24],"tags":[],"class_list":["post-24056","post","type-post","status-publish","format-standard","has-post-thumbnail","hentry","category-obras-publicas"],"_links":{"self":[{"href":"https:\/\/www.almargenweb.com.ar\/web\/wp-json\/wp\/v2\/posts\/24056","targetHints":{"allow":["GET"]}}],"collection":[{"href":"https:\/\/www.almargenweb.com.ar\/web\/wp-json\/wp\/v2\/posts"}],"about":[{"href":"https:\/\/www.almargenweb.com.ar\/web\/wp-json\/wp\/v2\/types\/post"}],"author":[{"embeddable":true,"href":"https:\/\/www.almargenweb.com.ar\/web\/wp-json\/wp\/v2\/users\/11"}],"replies":[{"embeddable":true,"href":"https:\/\/www.almargenweb.com.ar\/web\/wp-json\/wp\/v2\/comments?post=24056"}],"version-history":[{"count":1,"href":"https:\/\/www.almargenweb.com.ar\/web\/wp-json\/wp\/v2\/posts\/24056\/revisions"}],"predecessor-version":[{"id":24058,"href":"https:\/\/www.almargenweb.com.ar\/web\/wp-json\/wp\/v2\/posts\/24056\/revisions\/24058"}],"wp:featuredmedia":[{"embeddable":true,"href":"https:\/\/www.almargenweb.com.ar\/web\/wp-json\/wp\/v2\/media\/24057"}],"wp:attachment":[{"href":"https:\/\/www.almargenweb.com.ar\/web\/wp-json\/wp\/v2\/media?parent=24056"}],"wp:term":[{"taxonomy":"category","embeddable":true,"href":"https:\/\/www.almargenweb.com.ar\/web\/wp-json\/wp\/v2\/categories?post=24056"},{"taxonomy":"post_tag","embeddable":true,"href":"https:\/\/www.almargenweb.com.ar\/web\/wp-json\/wp\/v2\/tags?post=24056"}],"curies":[{"name":"wp","href":"https:\/\/api.w.org\/{rel}","templated":true}]}}