{"id":23990,"date":"2017-06-23T11:45:15","date_gmt":"2017-06-23T14:45:15","guid":{"rendered":"http:\/\/www.almargenweb.com.ar\/web\/?p=23990"},"modified":"2017-06-23T11:45:15","modified_gmt":"2017-06-23T14:45:15","slug":"presentaron-un-plan-de-acciones-para-mejorar-la-situacion-hidrica-en-las-colonias-y-castellanos","status":"publish","type":"post","link":"https:\/\/www.almargenweb.com.ar\/web\/presentaron-un-plan-de-acciones-para-mejorar-la-situacion-hidrica-en-las-colonias-y-castellanos\/","title":{"rendered":"Presentaron un plan de acciones para mejorar la situaci\u00f3n h\u00eddrica en Las Colonias y Castellanos"},"content":{"rendered":"<p>Incluye la readecuaci\u00f3n total de los canales Vila-Culul\u00fa y la ca\u00f1ada de Sunchales, la construcci\u00f3n o adaptaci\u00f3n de 30 puentes y 31 nuevos alcantarillados en caminos comunales y privados.<!--more--><\/p>\n<p>El secretario de Recursos H\u00eddricos del Ministerio de Infraestructura y Transporte, Juan Carlos Bertoni, present\u00f3 este mi\u00e9rcoles en Sunchales la estrategia de planificaci\u00f3n y gesti\u00f3n integrada de los recursos h\u00eddricos para la macrocuenca Vila-Culul\u00fa, que comprende los departamentos Las Colonias y Castellanos. Se prev\u00e9 una inversi\u00f3n en obras superior a los 400 millones de pesos.<\/p>\n<p>&nbsp;\u201cNo se pueden solucionar los problemas del agua solo pensando en la cuesti\u00f3n h\u00eddrica. Por eso estamos aqu\u00ed con referentes de Medio Ambiente, Producci\u00f3n, municipios, comunas, productores e instituciones que habitan en esta macrocuenca y se beneficiar\u00e1n con las obras en marcha\u201d, indic\u00f3 Bertoni.<\/p>\n<p>&nbsp;\u201cPor eso, el sentido de este encuentro es compartir nuestro conocimiento con el de ustedes, para encontrar y acordar juntos las mejores soluciones, fortaleciendo el sistema h\u00eddrico de los departamentos Las Colonias y Castellanos\u201d, a\u00f1adi\u00f3 el secretario.<\/p>\n<p>&nbsp;\u201cSe trata de un proyecto integral que de alg\u00fan modo comprende desde el r\u00edo Salado hasta el l\u00edmite con C\u00f3rdoba y compromete a esa provincia. Por eso es que est\u00e1 aqu\u00ed el ingeniero Mart\u00edn Budano, de la secretaria de Recursos H\u00eddricos de la vecina provincia, ayud\u00e1ndonos a explicar c\u00f3mo es el trabajo que estamos realizando juntos\u201d, concluy\u00f3.<\/p>\n<p>OBRAS<\/p>\n<p>Adem\u00e1s de las acciones ya en marcha para abordar situaciones urgentes, la gesti\u00f3n incluye la readecuaci\u00f3n total de los canales Vila-Culul\u00fa y la ca\u00f1ada de Sunchales, as\u00ed como la ejecuci\u00f3n de 30 puentes, algunos de los cuales ser\u00e1n completamente nuevos y otros modificados, y de 25 nuevas alcantarillas en caminos comunales y otras seis en caminos privados.<\/p>\n<p>&nbsp;Ya est\u00e1n en marcha la limpieza de la Ca\u00f1ada Sunchales en el tramo Vila-Culul\u00fa (canal Norte y canal Sur) y la de los canales urbanos sunchalenses (tramo Ca\u00f1ada Sunchales, zona rural), entre otras.<\/p>\n<p>&nbsp;ZONA DE INFLUENCIA<\/p>\n<p>La macrocuenca Vila-Culul\u00fa, una de las siete que hay en la provincia, involucra alrededor de 30.900 kil\u00f3metros cuadrados e incluye a la cuenca R\u00edo Salado, subcuencas santafesinas de margen derecha (arroyos Las Conchas, San Antonio y Culul\u00fa), arroyo Pantanoso y otras cuencas y cauces menores de aporte directo, nucleados en seis comit\u00e9s de cuencas y 52 localidades de la provincia de Santa Fe.<\/p>\n<p>&nbsp;Por eso es que m\u00e1s all\u00e1 de los l\u00edmites geogr\u00e1ficos y las particularidades locales, se abordan las problem\u00e1ticas h\u00eddricas de manera integral, intersectorial e interinstitucionalmente en el corto, mediano y largo plazo.<\/p>\n<p>&nbsp;PRESENTES<\/p>\n<p>&nbsp;<\/p>\n<p>Ante m\u00e1s de 50 personas, la jornada de discusi\u00f3n y trabajo conjunto estuvo encabezada por Bertoni, acompa\u00f1ado por el ministro de Medio Ambiente, Jacinto Speranza; y por el secretario de Agricultura, Ganader\u00eda y Recursos Naturales del Ministerio de la Producci\u00f3n, Marcelo Bargellini.<\/p>\n<p>&nbsp;Al encuentro, que se realiz\u00f3 en el Centro Cultural del Bicentenario de la ciudad de Sunchales y se extendi\u00f3 por tres horas, tambi\u00e9n asistieron la intendente de Esperanza, Ana Meiners; el intendente de Sunchales, Gonzalo Toselli; presidentes comunales e integrantes de comit\u00e9s de cuenca de la regi\u00f3n, entre otras autoridades locales, municipales y provinciales. Adem\u00e1s, estuvieron representantes de instituciones que nuclean a productores la macrocuenca.<\/p>\n<p>&nbsp;<\/p>\n<!-- AddThis Advanced Settings generic via filter on the_content --><!-- AddThis Share Buttons generic via filter on the_content -->","protected":false},"excerpt":{"rendered":"<p>Incluye la readecuaci\u00f3n total de los canales Vila-Culul\u00fa y la ca\u00f1ada de Sunchales, la construcci\u00f3n o [&hellip;]<!-- AddThis Advanced Settings generic via filter on get_the_excerpt --><!-- AddThis Share Buttons generic via filter on get_the_excerpt --><\/p>\n","protected":false},"author":11,"featured_media":23991,"comment_status":"open","ping_status":"open","sticky":false,"template":"","format":"standard","meta":{"_seopress_robots_primary_cat":"","_seopress_titles_title":"","_seopress_titles_desc":"","_seopress_robots_index":"","_themeisle_gutenberg_block_has_review":false,"footnotes":""},"categories":[24],"tags":[],"class_list":["post-23990","post","type-post","status-publish","format-standard","has-post-thumbnail","hentry","category-obras-publicas"],"_links":{"self":[{"href":"https:\/\/www.almargenweb.com.ar\/web\/wp-json\/wp\/v2\/posts\/23990","targetHints":{"allow":["GET"]}}],"collection":[{"href":"https:\/\/www.almargenweb.com.ar\/web\/wp-json\/wp\/v2\/posts"}],"about":[{"href":"https:\/\/www.almargenweb.com.ar\/web\/wp-json\/wp\/v2\/types\/post"}],"author":[{"embeddable":true,"href":"https:\/\/www.almargenweb.com.ar\/web\/wp-json\/wp\/v2\/users\/11"}],"replies":[{"embeddable":true,"href":"https:\/\/www.almargenweb.com.ar\/web\/wp-json\/wp\/v2\/comments?post=23990"}],"version-history":[{"count":1,"href":"https:\/\/www.almargenweb.com.ar\/web\/wp-json\/wp\/v2\/posts\/23990\/revisions"}],"predecessor-version":[{"id":23992,"href":"https:\/\/www.almargenweb.com.ar\/web\/wp-json\/wp\/v2\/posts\/23990\/revisions\/23992"}],"wp:featuredmedia":[{"embeddable":true,"href":"https:\/\/www.almargenweb.com.ar\/web\/wp-json\/wp\/v2\/media\/23991"}],"wp:attachment":[{"href":"https:\/\/www.almargenweb.com.ar\/web\/wp-json\/wp\/v2\/media?parent=23990"}],"wp:term":[{"taxonomy":"category","embeddable":true,"href":"https:\/\/www.almargenweb.com.ar\/web\/wp-json\/wp\/v2\/categories?post=23990"},{"taxonomy":"post_tag","embeddable":true,"href":"https:\/\/www.almargenweb.com.ar\/web\/wp-json\/wp\/v2\/tags?post=23990"}],"curies":[{"name":"wp","href":"https:\/\/api.w.org\/{rel}","templated":true}]}}