{"id":23974,"date":"2017-06-22T11:46:24","date_gmt":"2017-06-22T14:46:24","guid":{"rendered":"http:\/\/www.almargenweb.com.ar\/web\/?p=23974"},"modified":"2017-06-22T11:46:24","modified_gmt":"2017-06-22T14:46:24","slug":"fascendini-estamos-inaugurando-un-centro-de-instruccion-para-construir-el-futuro-que-todos-queremos","status":"publish","type":"post","link":"https:\/\/www.almargenweb.com.ar\/web\/fascendini-estamos-inaugurando-un-centro-de-instruccion-para-construir-el-futuro-que-todos-queremos\/","title":{"rendered":"Fascendini: &#8220;Estamos inaugurando un centro de instrucci\u00f3n para construir el futuro que todos queremos&#8221;"},"content":{"rendered":"<p>El Vicegobernador junto al intendente Jorge Placenzotti, dejaron inauguradas las obras de recuperaci\u00f3n y refuncionalizaci\u00f3n del Jard\u00edn Bot\u00e1nico Municipal de San Carlos Centro. Durante el acto se rindi\u00f3 homenaje a la ense\u00f1a patria y a su creador, Manuel Belgrano.<!--more--><\/p>\n<p>La recuperaci\u00f3n de las instalaciones del Jard\u00edn Bot\u00e1nico de San Carlos Centro fue inaugurada con un acto que sirvi\u00f3 de marco, para el recuerdo de Manuel Belgrano, creador de la bandera nacional.<\/p>\n<p>Carlos Fascendini se dirigi\u00f3 a los presentes y se\u00f1al\u00f3 que &#8220;es un d\u00eda extraordinario, de fiesta, para honrar nada m\u00e1s ni nada menos que a nuestra ense\u00f1a nacional. Adem\u00e1s de recordar a uno de nuestros m\u00e1ximos pr\u00f3ceres, como lo es Manuel Belgrano. Un destacado pr\u00f3cer que trabaj\u00f3 por la libertad y el bien com\u00fan. Entreg\u00f3 hasta las&nbsp; recompensas obtenidas por sus acciones militares para la creaci\u00f3n de escuelas, porque \u00e9l sab\u00eda que la patria solamente iba a ser libre cuando el pueblo tuviese acceso a la educaci\u00f3n&#8221;.<\/p>\n<p>&#8220;Hoy -continu\u00f3-, venimos a inaugurar el Jard\u00edn Bot\u00e1nico con un valor agregado, que han podido coincidir aqu\u00ed los artistas que se han expresado, las instituciones que tambi\u00e9n apoyaron y los docentes. Este lugar es ahora un centro de instrucci\u00f3n, de conocimiento y de generaci\u00f3n de nuevas posibilidades para construir el futuro que todos queremos&#8221;.<\/p>\n<p>Las Obras de Recuperaci\u00f3n, Remodelaci\u00f3n y Refuncionalizaci\u00f3n del Jard\u00edn Bot\u00e1nico Municipal quedaron a disposici\u00f3n de la comunidad sancarlina y de los visitantes que llegan a la ciudad.<\/p>\n<p>El renovado recorrido pretende mostrar a los visitantes, la visi\u00f3n de un mundo que ha llegado al momento de tomar decisiones a nivel planetario para detener el progreso del fen\u00f3meno del calentamiento global. Para evitarlo, el \u00fanico camino posible es la reducci\u00f3n del uso de energ\u00eda f\u00f3sil, no renovable y contaminante.<\/p>\n<p>En el recorrido se muestran alternativas de generaci\u00f3n de energ\u00eda renovable, limpia y se presenta la mirada de los grandes l\u00edderes mundiales acerca del problema. Dicha muestra tiene car\u00e1cter l\u00fadico educativo y se basa en consignas que generan en el visitante la inquietud por conocer y comprometerse m\u00e1s con el ambiente.<\/p>\n<p>&nbsp;<\/p>\n<!-- AddThis Advanced Settings generic via filter on the_content --><!-- AddThis Share Buttons generic via filter on the_content -->","protected":false},"excerpt":{"rendered":"<p>El Vicegobernador junto al intendente Jorge Placenzotti, dejaron inauguradas las obras de recuperaci\u00f3n y refuncionalizaci\u00f3n del [&hellip;]<!-- AddThis Advanced Settings generic via filter on get_the_excerpt --><!-- AddThis Share Buttons generic via filter on get_the_excerpt --><\/p>\n","protected":false},"author":11,"featured_media":23975,"comment_status":"open","ping_status":"open","sticky":false,"template":"","format":"standard","meta":{"_seopress_robots_primary_cat":"","_seopress_titles_title":"","_seopress_titles_desc":"","_seopress_robots_index":"","_themeisle_gutenberg_block_has_review":false,"footnotes":""},"categories":[24],"tags":[],"class_list":["post-23974","post","type-post","status-publish","format-standard","has-post-thumbnail","hentry","category-obras-publicas"],"_links":{"self":[{"href":"https:\/\/www.almargenweb.com.ar\/web\/wp-json\/wp\/v2\/posts\/23974","targetHints":{"allow":["GET"]}}],"collection":[{"href":"https:\/\/www.almargenweb.com.ar\/web\/wp-json\/wp\/v2\/posts"}],"about":[{"href":"https:\/\/www.almargenweb.com.ar\/web\/wp-json\/wp\/v2\/types\/post"}],"author":[{"embeddable":true,"href":"https:\/\/www.almargenweb.com.ar\/web\/wp-json\/wp\/v2\/users\/11"}],"replies":[{"embeddable":true,"href":"https:\/\/www.almargenweb.com.ar\/web\/wp-json\/wp\/v2\/comments?post=23974"}],"version-history":[{"count":1,"href":"https:\/\/www.almargenweb.com.ar\/web\/wp-json\/wp\/v2\/posts\/23974\/revisions"}],"predecessor-version":[{"id":23976,"href":"https:\/\/www.almargenweb.com.ar\/web\/wp-json\/wp\/v2\/posts\/23974\/revisions\/23976"}],"wp:featuredmedia":[{"embeddable":true,"href":"https:\/\/www.almargenweb.com.ar\/web\/wp-json\/wp\/v2\/media\/23975"}],"wp:attachment":[{"href":"https:\/\/www.almargenweb.com.ar\/web\/wp-json\/wp\/v2\/media?parent=23974"}],"wp:term":[{"taxonomy":"category","embeddable":true,"href":"https:\/\/www.almargenweb.com.ar\/web\/wp-json\/wp\/v2\/categories?post=23974"},{"taxonomy":"post_tag","embeddable":true,"href":"https:\/\/www.almargenweb.com.ar\/web\/wp-json\/wp\/v2\/tags?post=23974"}],"curies":[{"name":"wp","href":"https:\/\/api.w.org\/{rel}","templated":true}]}}