{"id":23964,"date":"2017-06-23T05:22:43","date_gmt":"2017-06-23T08:22:43","guid":{"rendered":"http:\/\/www.almargenweb.com.ar\/web\/?p=23964"},"modified":"2017-06-22T09:24:44","modified_gmt":"2017-06-22T12:24:44","slug":"llega-a-san-carlos-sud-la-muestra-itinerante-expreso-matematica-un-viaje-del-pensamiento","status":"publish","type":"post","link":"https:\/\/www.almargenweb.com.ar\/web\/llega-a-san-carlos-sud-la-muestra-itinerante-expreso-matematica-un-viaje-del-pensamiento\/","title":{"rendered":"Llega a San Carlos Sud la muestra itinerante &#8220;Expreso Matem\u00e1tica, un viaje del pensamiento&#8221;"},"content":{"rendered":"<p>Del 23 al 27 de Junio, en el SUM Comunal, San Mart\u00edn 952.<br \/>\nLa muestra constar\u00e1 de ocho estaciones que abordan distintas aristas del mundo de los n\u00fameros, en cada una de las cuales propone al visitante juegos de mesa, gigantojuegos y<!--more--> desaf\u00edos para el p\u00fablico de todas las edades.<br \/>\nCon ella se propone que tanto los ni\u00f1os, como los docentes puedan repensar la forma en que se ense\u00f1a y se aprenden las matem\u00e1ticas, agudizar el ingenio y sobre todo demostrar que aprender es muy divertido.<br \/>\nEste Programa de \u201cMuestras Itinerantes\u201d depende de la Secretar\u00eda de Apropiaci\u00f3n Social del Ministerio de Ciencia y Tecnolog\u00eda del Gobierno de Santa Fe, articuladas con el Gabinete Joven de la Provincia.<br \/>\nLas instituciones educativas que quieran participar de una visita guiada, soliciten turnos para los grupos de alumnos, comunicarse a los tel\u00e9fonos 03404-421213\/420189, hasta el d\u00eda 21 de Junio.<\/p>\n<!-- AddThis Advanced Settings generic via filter on the_content --><!-- AddThis Share Buttons generic via filter on the_content -->","protected":false},"excerpt":{"rendered":"<p>Del 23 al 27 de Junio, en el SUM Comunal, San Mart\u00edn 952. La muestra constar\u00e1 [&hellip;]<!-- AddThis Advanced Settings generic via filter on get_the_excerpt --><!-- AddThis Share Buttons generic via filter on get_the_excerpt --><\/p>\n","protected":false},"author":11,"featured_media":23965,"comment_status":"open","ping_status":"open","sticky":false,"template":"","format":"standard","meta":{"_seopress_robots_primary_cat":"","_seopress_titles_title":"","_seopress_titles_desc":"","_seopress_robots_index":"","_themeisle_gutenberg_block_has_review":false,"footnotes":""},"categories":[21],"tags":[],"class_list":["post-23964","post","type-post","status-publish","format-standard","has-post-thumbnail","hentry","category-las-colonias"],"_links":{"self":[{"href":"https:\/\/www.almargenweb.com.ar\/web\/wp-json\/wp\/v2\/posts\/23964","targetHints":{"allow":["GET"]}}],"collection":[{"href":"https:\/\/www.almargenweb.com.ar\/web\/wp-json\/wp\/v2\/posts"}],"about":[{"href":"https:\/\/www.almargenweb.com.ar\/web\/wp-json\/wp\/v2\/types\/post"}],"author":[{"embeddable":true,"href":"https:\/\/www.almargenweb.com.ar\/web\/wp-json\/wp\/v2\/users\/11"}],"replies":[{"embeddable":true,"href":"https:\/\/www.almargenweb.com.ar\/web\/wp-json\/wp\/v2\/comments?post=23964"}],"version-history":[{"count":1,"href":"https:\/\/www.almargenweb.com.ar\/web\/wp-json\/wp\/v2\/posts\/23964\/revisions"}],"predecessor-version":[{"id":23966,"href":"https:\/\/www.almargenweb.com.ar\/web\/wp-json\/wp\/v2\/posts\/23964\/revisions\/23966"}],"wp:featuredmedia":[{"embeddable":true,"href":"https:\/\/www.almargenweb.com.ar\/web\/wp-json\/wp\/v2\/media\/23965"}],"wp:attachment":[{"href":"https:\/\/www.almargenweb.com.ar\/web\/wp-json\/wp\/v2\/media?parent=23964"}],"wp:term":[{"taxonomy":"category","embeddable":true,"href":"https:\/\/www.almargenweb.com.ar\/web\/wp-json\/wp\/v2\/categories?post=23964"},{"taxonomy":"post_tag","embeddable":true,"href":"https:\/\/www.almargenweb.com.ar\/web\/wp-json\/wp\/v2\/tags?post=23964"}],"curies":[{"name":"wp","href":"https:\/\/api.w.org\/{rel}","templated":true}]}}