{"id":23728,"date":"2017-06-02T16:51:08","date_gmt":"2017-06-02T19:51:08","guid":{"rendered":"http:\/\/www.almargenweb.com.ar\/web\/?p=23728"},"modified":"2017-06-02T16:51:08","modified_gmt":"2017-06-02T19:51:08","slug":"fascendini-desde-el-gobierno-estamos-cumpliendo-la-promesa-de-recuperar-la-red-vial-provincial","status":"publish","type":"post","link":"https:\/\/www.almargenweb.com.ar\/web\/fascendini-desde-el-gobierno-estamos-cumpliendo-la-promesa-de-recuperar-la-red-vial-provincial\/","title":{"rendered":"Fascendini: &#8220;desde el Gobierno estamos cumpliendo la promesa de recuperar la red vial provincial&#8221;"},"content":{"rendered":"<p>El vicegobernador encabez\u00f3 el acto de apertura de sobres para la repavimentaci\u00f3n de Ruta 4, entre La Pelada y Elisa. La obra tiene un presupuesto oficial de 145 millones de pesos y varias ofertas estuvieron por debajo de ese monto.<!--more--><\/p>\n<p>Carlos Fascendini presidi\u00f3 en La Pelada, la apertura de sobres para la repavimentaci\u00f3n de RP n\u00b0 4, donde se presentaron nueve ofertas para los trabajos sobre los m\u00e1s de 22 km de este tramo.<\/p>\n<p>Fascendini enfatiz\u00f3 que &#8220;estamos aqu\u00ed abriendo la licitaci\u00f3n de un tramo m\u00e1s de la ruta 4, que comprende el amplio plan que hemos establecido en la provincia de Santa Fe, en cuanto a obras de infraestructura. Son cerca de 28 mil millones de pesos este a\u00f1o, y la mayor parte de ello en obras viales&#8221;.<\/p>\n<p>&#8220;Esto es consecuencia -prosigui\u00f3-, de una decisi\u00f3n pol\u00edtica, y del consenso en las distintas C\u00e1maras para que esto se pueda llevar adelante. Cuando comenzamos la gesti\u00f3n, el gobernador Lifschitz hab\u00eda planificado triplicar el presupuesto de vialidad. Se incorporaron fondos que la Naci\u00f3n ya no reten\u00eda de la coparticipaci\u00f3n, y eso permiti\u00f3 acelerar las obras. Tenemos todav\u00eda dos a\u00f1os y medio por delante y vamos a seguir trabajando en recuperar la red vial pavimentada, que son cerca de 4 mil kil\u00f3metros de rutas, adem\u00e1s de avanzar&nbsp; con otras nuevas&#8221;.<\/p>\n<p>M\u00e1s adelante, el Vicegobernador destac\u00f3 que &#8220;la ruta 4 es un eje central. No s\u00f3lo viene el tr\u00e1nsito de nuestra provincia, sino que trae veh\u00edculos de otras provincias, que toman este corredor para llegar a los puertos o centros urbanos. Es por ello que son rutas sometidas a un intenso desgaste, mayor que en otros lugares&#8221;.&nbsp;<\/p>\n<p>&#8220;Aqu\u00ed hubo nueve ofertas, varias de ellas debajo el presupuesto oficial, por lo que estimamos que se adjudicar\u00e1 pronto, y en noventa d\u00edas tendremos las m\u00e1quinas trabajando aqu\u00ed. Con esta repavimentaci\u00f3n estaremos completando el corredor de la RP n\u00b0 4, que une tres departamentos en esta zona&#8221; culmin\u00f3 Fascendini.<\/p>\n<p>&nbsp;<\/p>\n<p>&nbsp;<\/p>\n<!-- AddThis Advanced Settings generic via filter on the_content --><!-- AddThis Share Buttons generic via filter on the_content -->","protected":false},"excerpt":{"rendered":"<p>El vicegobernador encabez\u00f3 el acto de apertura de sobres para la repavimentaci\u00f3n de Ruta 4, entre [&hellip;]<!-- AddThis Advanced Settings generic via filter on get_the_excerpt --><!-- AddThis Share Buttons generic via filter on get_the_excerpt --><\/p>\n","protected":false},"author":11,"featured_media":23729,"comment_status":"open","ping_status":"open","sticky":false,"template":"","format":"standard","meta":{"_seopress_robots_primary_cat":"","_seopress_titles_title":"","_seopress_titles_desc":"","_seopress_robots_index":"","_themeisle_gutenberg_block_has_review":false,"footnotes":""},"categories":[24],"tags":[],"class_list":["post-23728","post","type-post","status-publish","format-standard","has-post-thumbnail","hentry","category-obras-publicas"],"_links":{"self":[{"href":"https:\/\/www.almargenweb.com.ar\/web\/wp-json\/wp\/v2\/posts\/23728","targetHints":{"allow":["GET"]}}],"collection":[{"href":"https:\/\/www.almargenweb.com.ar\/web\/wp-json\/wp\/v2\/posts"}],"about":[{"href":"https:\/\/www.almargenweb.com.ar\/web\/wp-json\/wp\/v2\/types\/post"}],"author":[{"embeddable":true,"href":"https:\/\/www.almargenweb.com.ar\/web\/wp-json\/wp\/v2\/users\/11"}],"replies":[{"embeddable":true,"href":"https:\/\/www.almargenweb.com.ar\/web\/wp-json\/wp\/v2\/comments?post=23728"}],"version-history":[{"count":1,"href":"https:\/\/www.almargenweb.com.ar\/web\/wp-json\/wp\/v2\/posts\/23728\/revisions"}],"predecessor-version":[{"id":23730,"href":"https:\/\/www.almargenweb.com.ar\/web\/wp-json\/wp\/v2\/posts\/23728\/revisions\/23730"}],"wp:featuredmedia":[{"embeddable":true,"href":"https:\/\/www.almargenweb.com.ar\/web\/wp-json\/wp\/v2\/media\/23729"}],"wp:attachment":[{"href":"https:\/\/www.almargenweb.com.ar\/web\/wp-json\/wp\/v2\/media?parent=23728"}],"wp:term":[{"taxonomy":"category","embeddable":true,"href":"https:\/\/www.almargenweb.com.ar\/web\/wp-json\/wp\/v2\/categories?post=23728"},{"taxonomy":"post_tag","embeddable":true,"href":"https:\/\/www.almargenweb.com.ar\/web\/wp-json\/wp\/v2\/tags?post=23728"}],"curies":[{"name":"wp","href":"https:\/\/api.w.org\/{rel}","templated":true}]}}