{"id":23688,"date":"2017-06-01T06:00:09","date_gmt":"2017-06-01T09:00:09","guid":{"rendered":"http:\/\/www.almargenweb.com.ar\/web\/?p=23688"},"modified":"2017-05-31T11:58:09","modified_gmt":"2017-05-31T14:58:09","slug":"santa-clara-de-buena-vista-trabajos-de-bacheo-en-la-ruta-10","status":"publish","type":"post","link":"https:\/\/www.almargenweb.com.ar\/web\/santa-clara-de-buena-vista-trabajos-de-bacheo-en-la-ruta-10\/","title":{"rendered":"Santa Clara de Buena Vista: trabajos de bacheo en la Ruta 10"},"content":{"rendered":"<p>En 60 d\u00edas estar\u00edan culminados los trabajos de bacheo profundo en la Ruta 10, encarados por el gobierno provincial.<!--more--><\/p>\n<p>Asimismo est\u00e1 previsto ampliar el puente situado en el kil\u00f3metro 142,5, con un metro m\u00e1s en cada calzada, para posibilitar un m\u00e1s fluido y seguro tr\u00e1nsito vehicular.<\/p>\n<p>Por otra parte, el titular de la Comuna hizo referencia a la obra de desv\u00edo de tr\u00e1nsito pesado que se est\u00e1 llevando a cabo en la localidad. \u201cDesde la \u00faltima semana y luego de una tregua que nos dio el clima estamos trabajando en la nueva circunvalaci\u00f3n de tr\u00e1nsito pesado que tendr\u00e1 la localidad. La inversi\u00f3n alcanzar\u00e1 superar\u00e1 2,3 millones de pesos\u201d, destac\u00f3.<\/p>\n<p>La obra fue pedida en dos etapas, una al Ministerio de Infraestructura y el otro a la Secretar\u00eda de Regiones, Municipios y Comunas, por obras delegadas.<\/p>\n<p>En total la obra comprende 2 kil\u00f3metros, e incluye formaci\u00f3n de suelo, alcantarillado y compactaci\u00f3n. El mismo estar\u00e1 ubicado en la parte suroeste de la localidad.<\/p>\n<p>&nbsp;<\/p>\n<p>&nbsp;<\/p>\n<p>&nbsp;<\/p>\n<p>&nbsp;<\/p>\n<p>&nbsp;<\/p>\n<p>&nbsp;<\/p>\n<p>&nbsp;<\/p>\n<p>&nbsp;<\/p>\n<p>&nbsp;<\/p>\n<!-- AddThis Advanced Settings generic via filter on the_content --><!-- AddThis Share Buttons generic via filter on the_content -->","protected":false},"excerpt":{"rendered":"<p>En 60 d\u00edas estar\u00edan culminados los trabajos de bacheo profundo en la Ruta 10, encarados por [&hellip;]<!-- AddThis Advanced Settings generic via filter on get_the_excerpt --><!-- AddThis Share Buttons generic via filter on get_the_excerpt --><\/p>\n","protected":false},"author":11,"featured_media":23689,"comment_status":"open","ping_status":"open","sticky":false,"template":"","format":"standard","meta":{"_seopress_robots_primary_cat":"","_seopress_titles_title":"","_seopress_titles_desc":"","_seopress_robots_index":"","_themeisle_gutenberg_block_has_review":false,"footnotes":""},"categories":[24],"tags":[],"class_list":["post-23688","post","type-post","status-publish","format-standard","has-post-thumbnail","hentry","category-obras-publicas"],"_links":{"self":[{"href":"https:\/\/www.almargenweb.com.ar\/web\/wp-json\/wp\/v2\/posts\/23688","targetHints":{"allow":["GET"]}}],"collection":[{"href":"https:\/\/www.almargenweb.com.ar\/web\/wp-json\/wp\/v2\/posts"}],"about":[{"href":"https:\/\/www.almargenweb.com.ar\/web\/wp-json\/wp\/v2\/types\/post"}],"author":[{"embeddable":true,"href":"https:\/\/www.almargenweb.com.ar\/web\/wp-json\/wp\/v2\/users\/11"}],"replies":[{"embeddable":true,"href":"https:\/\/www.almargenweb.com.ar\/web\/wp-json\/wp\/v2\/comments?post=23688"}],"version-history":[{"count":1,"href":"https:\/\/www.almargenweb.com.ar\/web\/wp-json\/wp\/v2\/posts\/23688\/revisions"}],"predecessor-version":[{"id":23690,"href":"https:\/\/www.almargenweb.com.ar\/web\/wp-json\/wp\/v2\/posts\/23688\/revisions\/23690"}],"wp:featuredmedia":[{"embeddable":true,"href":"https:\/\/www.almargenweb.com.ar\/web\/wp-json\/wp\/v2\/media\/23689"}],"wp:attachment":[{"href":"https:\/\/www.almargenweb.com.ar\/web\/wp-json\/wp\/v2\/media?parent=23688"}],"wp:term":[{"taxonomy":"category","embeddable":true,"href":"https:\/\/www.almargenweb.com.ar\/web\/wp-json\/wp\/v2\/categories?post=23688"},{"taxonomy":"post_tag","embeddable":true,"href":"https:\/\/www.almargenweb.com.ar\/web\/wp-json\/wp\/v2\/tags?post=23688"}],"curies":[{"name":"wp","href":"https:\/\/api.w.org\/{rel}","templated":true}]}}