{"id":23540,"date":"2017-05-21T12:57:11","date_gmt":"2017-05-21T15:57:11","guid":{"rendered":"http:\/\/www.almargenweb.com.ar\/web\/?p=23540"},"modified":"2017-05-21T12:57:11","modified_gmt":"2017-05-21T15:57:11","slug":"inauguracion-ruta-10-es-un-reconocimiento-al-interior-de-la-provincia-dijo-fascendini","status":"publish","type":"post","link":"https:\/\/www.almargenweb.com.ar\/web\/inauguracion-ruta-10-es-un-reconocimiento-al-interior-de-la-provincia-dijo-fascendini\/","title":{"rendered":"Inauguraci\u00f3n Ruta 10: \u201cEs un reconocimiento al interior de la provincia\u201d, dijo Fascendini"},"content":{"rendered":"<p>En el marco de la inauguraci\u00f3n de la obra de repavimentaci\u00f3n de la Ruta Provincial N\u00ba 10, en el tramo de 21 kil\u00f3metros comprendido entre Nuevo Torino, Felicia y Sarmiento, el vicegobernador Carlos Fascendini sostuvo que \u201ces un reconocimiento del gobierno a los pueblos del interior de la provincia. El departamento Las Colonias tiene como 14 obras que se est\u00e1n ejecutando, es una gran satisfacci\u00f3n cumplir con los compromisos asumidos\u201d.<!--more--><\/p>\n<p>Una verdadera fiesta se vivi\u00f3 en la localidad de Felicia en lo que fue la inauguraci\u00f3n de la repavimentaci\u00f3n de la ruta 10 en el tramo comprendido entre Nuevo Torino, Felicia y Sarmiento. La plaza se llen\u00f3 de color con eventos culturales para ni\u00f1os lo que congreg\u00f3 a los vecinos de la localidad y zonas aleda\u00f1as.<\/p>\n<p>El respecto, el vicegobernador Carlos Fascendini sostuvo que \u201cla obra se ha ejecutado para que tenga una duraci\u00f3n muy prolongada. Se trata de un reconocimiento del gobernador Miguel Lifschitz y del gobierno al interior de la provincia porque son muchas las obras que est\u00e1n en marcha. \u00c9sta es una de las primeras que se inaugura, sabemos que est\u00e1n en ejecuci\u00f3n obras en Ruta 70, 4, 36 que est\u00e1 pr\u00f3xima a inaugurar, en ruta 6 hacia la localidad de San Carlos, entre otras. El departamento Las Colonias tiene como 14 obras que se est\u00e1n ejecutando, es una gran satisfacci\u00f3n cumplir con los compromisos asumidos\u201d.<\/p>\n<p>En tanto, el gobernador Miguel Lifschitz dijo que \u201ces un d\u00eda para celebrar que hemos terminado una obra importante. He pasado infinidad de veces por este tramo, sab\u00edamos lo importante que es y el deterioro enorme que ten\u00eda fruto de muchos a\u00f1os de tr\u00e1nsito intenso de personas y autos, y sobre todo de camiones porque es el coraz\u00f3n productivo de la provincia\u201d, dijo.<\/p>\n<p>\u201cEntendimos que era una prioridad encarar esta repavimentaci\u00f3n integral con una inversi\u00f3n importante y un trabajo bien hecho para que podamos transitar con seguridad y fluidez los pr\u00f3ximos a\u00f1os evitando accidentes y permitiendo conectividad entre los pueblos y un tr\u00e1nsito adecuado de cargas\u201d, asegur\u00f3.<\/p>\n<p>El gobernador mencion\u00f3 que el tramo inaugurado \u201cno es la \u00fanica obra que estamos haciendo. Son m\u00e1s de mil las obras que se est\u00e1n terminando, ejecutando, licitando. Obras viales, hidr\u00e1ulicas, de defensa contra inundaciones, de saneamiento, de mejoramiento urbano, nuevas escuelas y aulas, recuperaci\u00f3n de edificios escolares antiguos, centros de atenci\u00f3n primaria, nuevos hospitales, obras pensadas para mejorar la calidad de vida de todos los santafesinos y, al mismo tiempo, promover el desarrollo, generar trabajo, alentar a los productores, empresarios y todos aquellos que tienen la tarea de generar empleo para los santafesinos\u201d, enumer\u00f3.<\/p>\n<p>Lifschitz transmiti\u00f3 su \u201ccompromiso con cada uno de los pueblos de la provincia. Estamos en contacto permanente con los presidentes de comuna, senadores y referentes locales, buscando priorizar las obras m\u00e1s importantes, sumar esfuerzos, trabajar en conjunto y dejar una provincia mucho mejor que la que encontramos\u201d.<\/p>\n<p>Por su parte, la presidente comunal de Felicia, Fernanda Bo Mora, destac\u00f3 que \u201centre todos hemos logrado este sue\u00f1o tan anhelado. Tantos a\u00f1os que lo esperamos, lo necesitamos y nos entendieron, nos recibieron, nos escucharon, nos dieron una mano\u201d. Adem\u00e1s, agradeci\u00f3 por \u201cel broche de oro para Felicia, que es el ingreso a nuestra localidad y el recorrido alrededor de nuestra plaza\u201d que se tuvo en cuenta en la repavimentaci\u00f3n.<\/p>\n<p>A su turno, el presidente comunal de Sarmiento, Horacio Rubiolo, expres\u00f3 que \u201cla Ruta 10 volvi\u00f3 a ser un corredor como era antiguamente y nosotros, como jefes territoriales, tenemos que cuidarlo. Por eso estamos tratando de hacer controles en la ruta -ya que hay un esfuerzo de la provincia y de las comunas- para que se mantengan como se debe\u201d.<\/p>\n<p>Finalmente, el presidente comunal de Nuevo Torino, Juan Carlos Imsteyf, al igual que sus pares, agradeci\u00f3 a los funcionarios provinciales que \u201cse hicieron eco de nuestra insistencia en todo este tiempo, sobre todo en nuestro caso particular, para incluir la rotonda. Esta es una obra muy importante para todas nuestras comunidades y sobre todo, para quienes transitan diariamente, esta ruta provincial\u201d.<\/p>\n<p>El senador por el departamento Las Colonias, Rub\u00e9n Pirola, calific\u00f3 como \u201cuna hermosa satisfacci\u00f3n\u201d a la obra realizada. Adem\u00e1s, dijo que se trata de \u201cuno de esos d\u00edas en que uno siente que vale la pena trabajar en pol\u00edtica y enfrentar desaf\u00edos\u201d y agradeci\u00f3 el trabajo serio y responsable que lleva adelante la administraci\u00f3n provincial\u201d.<\/p>\n<p>Los trabajos implicaron una inversi\u00f3n de $ 165.515.172,50 y se ejecutaron en un plazo de nueve meses.<\/p>\n<p>Fueron parte del acto de inauguraci\u00f3n junto al gobernador y el vice gobernador, tambi\u00e9n, el ministro de Infraestructura y Transporte, Jos\u00e9 Garibay; el ministro y de Obras P\u00fablicas, Julio Schneider; el administrador de Vialidad Provincial, Pablo Seghezzo, presidentes comunales de localidades cercanas, referentes de instituciones, docentes y alumnos de escuelas y vecinos de la comunidad.<\/p>\n<!-- AddThis Advanced Settings generic via filter on the_content --><!-- AddThis Share Buttons generic via filter on the_content -->","protected":false},"excerpt":{"rendered":"<p>En el marco de la inauguraci\u00f3n de la obra de repavimentaci\u00f3n de la Ruta Provincial N\u00ba [&hellip;]<!-- AddThis Advanced Settings generic via filter on get_the_excerpt --><!-- AddThis Share Buttons generic via filter on get_the_excerpt --><\/p>\n","protected":false},"author":11,"featured_media":23541,"comment_status":"open","ping_status":"open","sticky":false,"template":"","format":"standard","meta":{"_seopress_robots_primary_cat":"","_seopress_titles_title":"","_seopress_titles_desc":"","_seopress_robots_index":"","_themeisle_gutenberg_block_has_review":false,"footnotes":""},"categories":[24],"tags":[],"class_list":["post-23540","post","type-post","status-publish","format-standard","has-post-thumbnail","hentry","category-obras-publicas"],"_links":{"self":[{"href":"https:\/\/www.almargenweb.com.ar\/web\/wp-json\/wp\/v2\/posts\/23540","targetHints":{"allow":["GET"]}}],"collection":[{"href":"https:\/\/www.almargenweb.com.ar\/web\/wp-json\/wp\/v2\/posts"}],"about":[{"href":"https:\/\/www.almargenweb.com.ar\/web\/wp-json\/wp\/v2\/types\/post"}],"author":[{"embeddable":true,"href":"https:\/\/www.almargenweb.com.ar\/web\/wp-json\/wp\/v2\/users\/11"}],"replies":[{"embeddable":true,"href":"https:\/\/www.almargenweb.com.ar\/web\/wp-json\/wp\/v2\/comments?post=23540"}],"version-history":[{"count":1,"href":"https:\/\/www.almargenweb.com.ar\/web\/wp-json\/wp\/v2\/posts\/23540\/revisions"}],"predecessor-version":[{"id":23542,"href":"https:\/\/www.almargenweb.com.ar\/web\/wp-json\/wp\/v2\/posts\/23540\/revisions\/23542"}],"wp:featuredmedia":[{"embeddable":true,"href":"https:\/\/www.almargenweb.com.ar\/web\/wp-json\/wp\/v2\/media\/23541"}],"wp:attachment":[{"href":"https:\/\/www.almargenweb.com.ar\/web\/wp-json\/wp\/v2\/media?parent=23540"}],"wp:term":[{"taxonomy":"category","embeddable":true,"href":"https:\/\/www.almargenweb.com.ar\/web\/wp-json\/wp\/v2\/categories?post=23540"},{"taxonomy":"post_tag","embeddable":true,"href":"https:\/\/www.almargenweb.com.ar\/web\/wp-json\/wp\/v2\/tags?post=23540"}],"curies":[{"name":"wp","href":"https:\/\/api.w.org\/{rel}","templated":true}]}}