{"id":23420,"date":"2017-05-11T06:40:04","date_gmt":"2017-05-11T09:40:04","guid":{"rendered":"http:\/\/www.almargenweb.com.ar\/web\/?p=23420"},"modified":"2017-05-10T22:08:59","modified_gmt":"2017-05-11T01:08:59","slug":"se-recuperaran-los-desagues-de-colonia-pujol-y-se-licita-la-ruta-4-entre-maria-luisa-y-elisa","status":"publish","type":"post","link":"https:\/\/www.almargenweb.com.ar\/web\/se-recuperaran-los-desagues-de-colonia-pujol-y-se-licita-la-ruta-4-entre-maria-luisa-y-elisa\/","title":{"rendered":"Se recuperar\u00e1n los desag\u00fces de Colonia Pujol y se licita la Ruta 4 entre Mar\u00eda Luisa y Elisa"},"content":{"rendered":"<p>El vicegobernador de Santa Fe, Carlos Fascendini, inform\u00f3 la realizaci\u00f3n de dos nuevas obras en Las Colonias. La recuperaci\u00f3n de los desag\u00fces en Colonia Pujol y la repavimentaci\u00f3n de la Ruta Provincial 4, entre Mar\u00eda Luisa y Elisa. La inversi\u00f3n total asciende a los 155 millones de pesos.<!--more--><\/p>\n<p>\u201cActualmente hay catorce obras viales en el departamento Las Colonias lo que implica una recuperaci\u00f3n de nuestras rutas provinciales. Algunas fueron finalizadas, otras en marcha y hay otras en proceso de licitaci\u00f3n. La pr\u00f3xima apertura de sobres es el tramo de la ruta provincial N\u00b0 4, comprendido entre Mar\u00eda Luisa \u2013 Elisa\u201d, remarc\u00f3 el vicegobernador, Carlos Fascendini.<\/p>\n<p>La licitaci\u00f3n ser\u00e1 el 2 de junio, en la localidad de La Pelada. El presupuesto oficial es de $ 145.570.036,47.<\/p>\n<p>COLONIA PUJOL<\/p>\n<p>En Colonia Pujol se licitar\u00e1 la recuperaci\u00f3n de los desag\u00fces sobre Ruta 70, la ciclov\u00eda y el sistema de guardarrail. El presupuesto oficial es de $ 10.156.329,25. Se trata de una obra demanda por los vecinos. La apertura de sobres ser\u00e1 el 12 de junio en la Direcci\u00f3n Provincial de Vialidad.<\/p>\n<!-- AddThis Advanced Settings generic via filter on the_content --><!-- AddThis Share Buttons generic via filter on the_content -->","protected":false},"excerpt":{"rendered":"<p>El vicegobernador de Santa Fe, Carlos Fascendini, inform\u00f3 la realizaci\u00f3n de dos nuevas obras en Las [&hellip;]<!-- AddThis Advanced Settings generic via filter on get_the_excerpt --><!-- AddThis Share Buttons generic via filter on get_the_excerpt --><\/p>\n","protected":false},"author":11,"featured_media":23421,"comment_status":"open","ping_status":"open","sticky":false,"template":"","format":"standard","meta":{"_seopress_robots_primary_cat":"","_seopress_titles_title":"","_seopress_titles_desc":"","_seopress_robots_index":"","_themeisle_gutenberg_block_has_review":false,"footnotes":""},"categories":[24],"tags":[],"class_list":["post-23420","post","type-post","status-publish","format-standard","has-post-thumbnail","hentry","category-obras-publicas"],"_links":{"self":[{"href":"https:\/\/www.almargenweb.com.ar\/web\/wp-json\/wp\/v2\/posts\/23420","targetHints":{"allow":["GET"]}}],"collection":[{"href":"https:\/\/www.almargenweb.com.ar\/web\/wp-json\/wp\/v2\/posts"}],"about":[{"href":"https:\/\/www.almargenweb.com.ar\/web\/wp-json\/wp\/v2\/types\/post"}],"author":[{"embeddable":true,"href":"https:\/\/www.almargenweb.com.ar\/web\/wp-json\/wp\/v2\/users\/11"}],"replies":[{"embeddable":true,"href":"https:\/\/www.almargenweb.com.ar\/web\/wp-json\/wp\/v2\/comments?post=23420"}],"version-history":[{"count":1,"href":"https:\/\/www.almargenweb.com.ar\/web\/wp-json\/wp\/v2\/posts\/23420\/revisions"}],"predecessor-version":[{"id":23422,"href":"https:\/\/www.almargenweb.com.ar\/web\/wp-json\/wp\/v2\/posts\/23420\/revisions\/23422"}],"wp:featuredmedia":[{"embeddable":true,"href":"https:\/\/www.almargenweb.com.ar\/web\/wp-json\/wp\/v2\/media\/23421"}],"wp:attachment":[{"href":"https:\/\/www.almargenweb.com.ar\/web\/wp-json\/wp\/v2\/media?parent=23420"}],"wp:term":[{"taxonomy":"category","embeddable":true,"href":"https:\/\/www.almargenweb.com.ar\/web\/wp-json\/wp\/v2\/categories?post=23420"},{"taxonomy":"post_tag","embeddable":true,"href":"https:\/\/www.almargenweb.com.ar\/web\/wp-json\/wp\/v2\/tags?post=23420"}],"curies":[{"name":"wp","href":"https:\/\/api.w.org\/{rel}","templated":true}]}}