{"id":23417,"date":"2017-05-11T06:35:47","date_gmt":"2017-05-11T09:35:47","guid":{"rendered":"http:\/\/www.almargenweb.com.ar\/web\/?p=23417"},"modified":"2017-05-10T18:37:22","modified_gmt":"2017-05-10T21:37:22","slug":"comenzaron-las-obras-en-el-canal-alem","status":"publish","type":"post","link":"https:\/\/www.almargenweb.com.ar\/web\/comenzaron-las-obras-en-el-canal-alem\/","title":{"rendered":"Comenzaron las obras en el Canal Alem"},"content":{"rendered":"<p>Con el arribo de las primeras maquinarias y la instalaci\u00f3n del obrador dieron inicios las obras del Canal Alem. \u201cEs una acci\u00f3n de saneamiento ambiental y favorecer\u00e1 el crecimiento y desarrollo del sector norte de la ciudad\u201d, dijo el vicegobernador Carlos Fascendini. El presupuesto de la obra es de $ 75.557.286, 44. y es financiada con fondos provinciales.<!--more--><\/p>\n<p>Una obra tan esperada como la construcci\u00f3n del Canal Alem dio inicio. Arribaron las primeras maquinarias y se instal\u00f3 el obrador. El vicegobernador Carlos Fascendini se mostr\u00f3 satisfecho por el inicio y resalt\u00f3 que \u201cla construcci\u00f3n del Canal se trata de un sistema de desag\u00fce pluvial que impacta sobre el saneamiento ambiental. Las actuales condiciones del canal act\u00faa como una barrera urbana para el crecimiento y desarrollo del sector norte de la ciudad\u201d.<\/p>\n<p>Cabe recordar que d\u00edas atr\u00e1s el gobernador Miguel Lifschitz, junto al vicegobernador y la intendenta Ana Meiners, entre otros, recorrieron el lugar donde se emplazar\u00e1 el nuevo canal.<\/p>\n<p>El presupuesto de la obra es de $ 75.557.286, 44. y es financiada con fondos provinciales.<\/p>\n<p>LA OBRA<\/p>\n<p>Los trabajos a realizar consisten en la ejecuci\u00f3n de un desag\u00fce pluvial en la zona urbana de Esperanza, sobre la calle Alem, entre calles Janssen y Rivadavia.<\/p>\n<p>Permitir\u00e1 mejorar el drenaje urbano a partir de la construcci\u00f3n de un conducto principal de desag\u00fce de hormig\u00f3n armado a lo largo de calle Alem, ramales secundarios y alcantarillados que representan unos 900 metros hasta su descarga en el canal a cielo abierto. El conducto principal ser\u00e1 de 3 metros de luz y 2,50 metros de altura.<\/p>\n<p>La obra comprende la limpieza del canal y la ejecuci\u00f3n de sumideros en todas las esquina para garantizar la captaci\u00f3n de aguas de lluvia.<\/p>\n<p>&nbsp;<\/p>\n<!-- AddThis Advanced Settings generic via filter on the_content --><!-- AddThis Share Buttons generic via filter on the_content -->","protected":false},"excerpt":{"rendered":"<p>Con el arribo de las primeras maquinarias y la instalaci\u00f3n del obrador dieron inicios las obras [&hellip;]<!-- AddThis Advanced Settings generic via filter on get_the_excerpt --><!-- AddThis Share Buttons generic via filter on get_the_excerpt --><\/p>\n","protected":false},"author":11,"featured_media":23418,"comment_status":"open","ping_status":"open","sticky":false,"template":"","format":"standard","meta":{"_seopress_robots_primary_cat":"","_seopress_titles_title":"","_seopress_titles_desc":"","_seopress_robots_index":"","_themeisle_gutenberg_block_has_review":false,"footnotes":""},"categories":[24],"tags":[],"class_list":["post-23417","post","type-post","status-publish","format-standard","has-post-thumbnail","hentry","category-obras-publicas"],"_links":{"self":[{"href":"https:\/\/www.almargenweb.com.ar\/web\/wp-json\/wp\/v2\/posts\/23417","targetHints":{"allow":["GET"]}}],"collection":[{"href":"https:\/\/www.almargenweb.com.ar\/web\/wp-json\/wp\/v2\/posts"}],"about":[{"href":"https:\/\/www.almargenweb.com.ar\/web\/wp-json\/wp\/v2\/types\/post"}],"author":[{"embeddable":true,"href":"https:\/\/www.almargenweb.com.ar\/web\/wp-json\/wp\/v2\/users\/11"}],"replies":[{"embeddable":true,"href":"https:\/\/www.almargenweb.com.ar\/web\/wp-json\/wp\/v2\/comments?post=23417"}],"version-history":[{"count":1,"href":"https:\/\/www.almargenweb.com.ar\/web\/wp-json\/wp\/v2\/posts\/23417\/revisions"}],"predecessor-version":[{"id":23419,"href":"https:\/\/www.almargenweb.com.ar\/web\/wp-json\/wp\/v2\/posts\/23417\/revisions\/23419"}],"wp:featuredmedia":[{"embeddable":true,"href":"https:\/\/www.almargenweb.com.ar\/web\/wp-json\/wp\/v2\/media\/23418"}],"wp:attachment":[{"href":"https:\/\/www.almargenweb.com.ar\/web\/wp-json\/wp\/v2\/media?parent=23417"}],"wp:term":[{"taxonomy":"category","embeddable":true,"href":"https:\/\/www.almargenweb.com.ar\/web\/wp-json\/wp\/v2\/categories?post=23417"},{"taxonomy":"post_tag","embeddable":true,"href":"https:\/\/www.almargenweb.com.ar\/web\/wp-json\/wp\/v2\/tags?post=23417"}],"curies":[{"name":"wp","href":"https:\/\/api.w.org\/{rel}","templated":true}]}}