{"id":23319,"date":"2017-05-05T06:00:00","date_gmt":"2017-05-05T09:00:00","guid":{"rendered":"http:\/\/www.almargenweb.com.ar\/web\/?p=23319"},"modified":"2017-05-04T11:53:42","modified_gmt":"2017-05-04T14:53:42","slug":"santa-clara-mejoran-la-iluminacion-y-amplian-la-red-cloacal","status":"publish","type":"post","link":"https:\/\/www.almargenweb.com.ar\/web\/santa-clara-mejoran-la-iluminacion-y-amplian-la-red-cloacal\/","title":{"rendered":"Santa Clara: mejoran la iluminaci\u00f3n y ampl\u00edan la red cloacal"},"content":{"rendered":"<p>Autoridades comunales confirmaron que antes de fin de a\u00f1o se colocar\u00e1n 70 nuevas columnas con iluminaci\u00f3n led. Adem\u00e1s contin\u00faan los trabajos de ampliaci\u00f3n de la red cloacal, en los 2000 metros que restan de la segunda etapa.<!--more--><\/p>\n<p>Con el objetivo de mejorar la iluminaci\u00f3n en los diferentes barrios de la localidad y por consiguiente aportar mayor seguridad ciudadana, la administraci\u00f3n comunal de Santa Clara de Buena Vista, trabaja en la incorporaci\u00f3n de nuevos equipamientos de iluminaci\u00f3n led.<\/p>\n<p>Sobre este tema el titular comunal Alberto Mana, manifest\u00f3 que para este a\u00f1o la idea es ampliar a 70 m\u00e1s las columnas de iluminaci\u00f3n en distintos puntos la localidad y llegar a las 300 en los \u00faltimos cinco a\u00f1os y medio.<\/p>\n<p>\u201cCuando llegamos a la comuna ten\u00edamos instaladas en la localidad 245 columnas. Nuestro objetivo antes de fin de a\u00f1o es llegar a las 300 columnas de iluminaci\u00f3n. En estos cinco a\u00f1os y medio de gesti\u00f3n superamos la cantidad de iluminaci\u00f3n que ten\u00eda el pueblo en toda su historia\u201d, apunt\u00f3.<\/p>\n<p>Mana precis\u00f3 que esta nueva etapa incluye la instalaci\u00f3n de tecnolog\u00eda led, que entre otros beneficios mejoran la iluminaci\u00f3n, duran m\u00e1s tiempo y baja el consumo de energ\u00eda.<\/p>\n<p>\u201cDe las 230 columnas que hemos colocado, ya m\u00e1s de 80 tienen esta tecnolog\u00eda y las que se instalen de ac\u00e1 hasta completar las 300 tambi\u00e9n tendr\u00e1n led. En el largo plazo vamos a ir cambiando todas las luminarias. Esto tambi\u00e9n ayuda a superar los problemas de capacidad de energ\u00eda que ten\u00edamos dado que bajamos m\u00e1s de 10% el consumo\u201d, precis\u00f3.<\/p>\n<p>Actualmente personal comunal trabaja en la instalaci\u00f3n de esta tecnolog\u00eda en las calles, Rosario, Susana, San Jer\u00f3nimo y Humboldt. \u201cAhora estamos en el sector sudeste del pueblo, terminaremos ese barrio, para luego trasladarnos al sector donde se construye el plan provincial de viviendas. Nosotros mismos hacemos las columnas que luego se instalan, con costos muy bajos, por ello podemos apostar a la iluminaci\u00f3n led\u201d.<\/p>\n<p>CLOACAS<\/p>\n<p>Sobre este tema Mana destac\u00f3 que en los pr\u00f3ximos cinco meses se estar\u00e1n finalizando los trabajos de la segunda etapa de la obra. \u201cTras culminar las dos lagunas de decantaci\u00f3n que faltaban ahora se apuesta fuertemente a finalizar la obra en las calles de la localidad. Los trabajos se llevan adelante a trav\u00e9s de contribuci\u00f3n por mejoras y estimamos que est\u00e9n finalizados en los pr\u00f3ximos cinco meses, dependiendo de las condiciones clim\u00e1ticas\u201d.<\/p>\n<p>El Jefe Comunal manifest\u00f3 que actualmente se contin\u00faa con la obra en el centro de la localidad, sobre calle San Carlos entre C\u00f3rdoba y Rosario, par luego continuar por calle San Juan. \u201cUna vez que se termine la segunda etapa, comenzar\u00e1 la \u00faltima llegando de esta forma al 100% de la localidad. En total restan unos 2 mil metros para finalizar ese segundo tramo de la obra\u201d, a\u00f1adi\u00f3.<\/p>\n<p>La primera parte de los trabajos incluy\u00f3 unos 6 kil\u00f3metros y para este segundo tramo se har\u00e1n unos 7 kil\u00f3metros de extensi\u00f3n.(Fuente y foto: El Cronista de Las Colonias)<\/p>\n<p>&nbsp;<\/p>\n<p>&nbsp;<\/p>\n<p>&nbsp;<\/p>\n<p>&nbsp;<\/p>\n<p>&nbsp;<\/p>\n<p>&nbsp;<\/p>\n<p>&nbsp;<\/p>\n<p>&nbsp;<\/p>\n<p>&nbsp;<\/p>\n<!-- AddThis Advanced Settings generic via filter on the_content --><!-- AddThis Share Buttons generic via filter on the_content -->","protected":false},"excerpt":{"rendered":"<p>Autoridades comunales confirmaron que antes de fin de a\u00f1o se colocar\u00e1n 70 nuevas columnas con iluminaci\u00f3n [&hellip;]<!-- AddThis Advanced Settings generic via filter on get_the_excerpt --><!-- AddThis Share Buttons generic via filter on get_the_excerpt --><\/p>\n","protected":false},"author":11,"featured_media":23320,"comment_status":"open","ping_status":"open","sticky":false,"template":"","format":"standard","meta":{"_seopress_robots_primary_cat":"","_seopress_titles_title":"","_seopress_titles_desc":"","_seopress_robots_index":"","_themeisle_gutenberg_block_has_review":false,"footnotes":""},"categories":[24],"tags":[],"class_list":["post-23319","post","type-post","status-publish","format-standard","has-post-thumbnail","hentry","category-obras-publicas"],"_links":{"self":[{"href":"https:\/\/www.almargenweb.com.ar\/web\/wp-json\/wp\/v2\/posts\/23319","targetHints":{"allow":["GET"]}}],"collection":[{"href":"https:\/\/www.almargenweb.com.ar\/web\/wp-json\/wp\/v2\/posts"}],"about":[{"href":"https:\/\/www.almargenweb.com.ar\/web\/wp-json\/wp\/v2\/types\/post"}],"author":[{"embeddable":true,"href":"https:\/\/www.almargenweb.com.ar\/web\/wp-json\/wp\/v2\/users\/11"}],"replies":[{"embeddable":true,"href":"https:\/\/www.almargenweb.com.ar\/web\/wp-json\/wp\/v2\/comments?post=23319"}],"version-history":[{"count":1,"href":"https:\/\/www.almargenweb.com.ar\/web\/wp-json\/wp\/v2\/posts\/23319\/revisions"}],"predecessor-version":[{"id":23321,"href":"https:\/\/www.almargenweb.com.ar\/web\/wp-json\/wp\/v2\/posts\/23319\/revisions\/23321"}],"wp:featuredmedia":[{"embeddable":true,"href":"https:\/\/www.almargenweb.com.ar\/web\/wp-json\/wp\/v2\/media\/23320"}],"wp:attachment":[{"href":"https:\/\/www.almargenweb.com.ar\/web\/wp-json\/wp\/v2\/media?parent=23319"}],"wp:term":[{"taxonomy":"category","embeddable":true,"href":"https:\/\/www.almargenweb.com.ar\/web\/wp-json\/wp\/v2\/categories?post=23319"},{"taxonomy":"post_tag","embeddable":true,"href":"https:\/\/www.almargenweb.com.ar\/web\/wp-json\/wp\/v2\/tags?post=23319"}],"curies":[{"name":"wp","href":"https:\/\/api.w.org\/{rel}","templated":true}]}}