{"id":23306,"date":"2017-05-03T06:15:12","date_gmt":"2017-05-03T09:15:12","guid":{"rendered":"http:\/\/www.almargenweb.com.ar\/web\/?p=23306"},"modified":"2017-05-02T19:23:15","modified_gmt":"2017-05-02T22:23:15","slug":"fascendini-y-lifschitz-recorrieron-el-sitio-donde-se-construira-el-canal-alem","status":"publish","type":"post","link":"https:\/\/www.almargenweb.com.ar\/web\/fascendini-y-lifschitz-recorrieron-el-sitio-donde-se-construira-el-canal-alem\/","title":{"rendered":"Fascendini y Lifschitz recorrieron el sitio donde se construir\u00e1 el Canal Alem"},"content":{"rendered":"<p>El vicegobernador Carlos Fascendini interioriz\u00f3 al gobernador Miguel Lifschitz sobre las caracter\u00edsticas que tendr\u00e1 la construcci\u00f3n de la Canal Alem durante una recorrida realizada en el lugar donde iniciar\u00e1 la obra. \u201cEs una acci\u00f3n de saneamiento ambiental y favorecer\u00e1 el crecimiento y desarrollo del sector norte de la ciudad\u201d, dijo Fascendini.<!--more--><\/p>\n<p>Es inminente el inicio de la construcci\u00f3n del Canal Alem en la ciudad de Esperanza. El gobernador Miguel Lifschitz, junto al vicegobernador, Carlos Fascendini y la Intendente de Esperanza, Ana Mar\u00eda Meiners, recorrieron el sitio donde comenzar\u00e1 la obra que ser\u00e1 realizada con fondos provinciales.<\/p>\n<p>Al respecto, Fascendini interioriz\u00f3 al gobernador sobre las caracter\u00edsticas de la obra y resalt\u00f3 que \u201cla construcci\u00f3n del Canal se trata de un sistema de desag\u00fce pluvial que impacta sobre el saneamiento ambiental. Las actuales condiciones del canal act\u00faa como una barrera urbana para el crecimiento y desarrollo del sector norte de la ciudad\u201d.<\/p>\n<p>Seguidamente dijo que \u201cson canales que cuando se dise\u00f1aron estaba alejados del radio urbano y el crecimiento de la ciudad lo ha dejado dentro de la traza. Se trata de una obra municipal pero por la envergadura, el municipio no puede afrontarla, entonces el gobierno de Santa Fe ha tomado la decisi\u00f3n de llevarla a cabo\u201d.<\/p>\n<p>Durante la recorrida se acerc\u00f3 la vecina Ruth Chazarreta, quien viene bregando por el Canal durante m\u00e1s de 35 a\u00f1os, junto a su padre: \u201cEs una bendici\u00f3n para todo el barrio, porque est\u00e1 hermoso y hay un mont\u00f3n de casas re lindas. Tambi\u00e9n hay vecinos que no tienen conciencia y tiran basura al canal, hay roedores y mal olor. Estamos felices, somos pocos los frentistas, pero esta obra afecta a todo el barrio\u201d.<\/p>\n<p>LA OBRA<\/p>\n<p>Los trabajos a realizar consisten en la ejecuci\u00f3n de un desag\u00fce pluvial en la zona urbana de Esperanza, sobre la calle Alem, entre calle Janssen y Rivadavia.<\/p>\n<p>Permitir\u00e1 mejorar el drenaje urbano a partir de la construcci\u00f3n de un conducto principal de desag\u00fce de hormig\u00f3n armado a lo largo de calle Alem, ramales secundarios y alcantarillados que representan unos 900 metros hasta su descarga en el canal a cielo abierto. El conducto principal ser\u00e1 de 3 metros de luz y 2,50 metros de altura.<\/p>\n<p>La obra comprende la limpieza del canal y la ejecuci\u00f3n de sumideros en todas las esquina para garantizar la captaci\u00f3n de aguas de lluvia.<\/p>\n<!-- AddThis Advanced Settings generic via filter on the_content --><!-- AddThis Share Buttons generic via filter on the_content -->","protected":false},"excerpt":{"rendered":"<p>El vicegobernador Carlos Fascendini interioriz\u00f3 al gobernador Miguel Lifschitz sobre las caracter\u00edsticas que tendr\u00e1 la construcci\u00f3n [&hellip;]<!-- AddThis Advanced Settings generic via filter on get_the_excerpt --><!-- AddThis Share Buttons generic via filter on get_the_excerpt --><\/p>\n","protected":false},"author":11,"featured_media":23307,"comment_status":"open","ping_status":"open","sticky":false,"template":"","format":"standard","meta":{"_seopress_robots_primary_cat":"","_seopress_titles_title":"","_seopress_titles_desc":"","_seopress_robots_index":"","_themeisle_gutenberg_block_has_review":false,"footnotes":""},"categories":[24],"tags":[],"class_list":["post-23306","post","type-post","status-publish","format-standard","has-post-thumbnail","hentry","category-obras-publicas"],"_links":{"self":[{"href":"https:\/\/www.almargenweb.com.ar\/web\/wp-json\/wp\/v2\/posts\/23306","targetHints":{"allow":["GET"]}}],"collection":[{"href":"https:\/\/www.almargenweb.com.ar\/web\/wp-json\/wp\/v2\/posts"}],"about":[{"href":"https:\/\/www.almargenweb.com.ar\/web\/wp-json\/wp\/v2\/types\/post"}],"author":[{"embeddable":true,"href":"https:\/\/www.almargenweb.com.ar\/web\/wp-json\/wp\/v2\/users\/11"}],"replies":[{"embeddable":true,"href":"https:\/\/www.almargenweb.com.ar\/web\/wp-json\/wp\/v2\/comments?post=23306"}],"version-history":[{"count":1,"href":"https:\/\/www.almargenweb.com.ar\/web\/wp-json\/wp\/v2\/posts\/23306\/revisions"}],"predecessor-version":[{"id":23308,"href":"https:\/\/www.almargenweb.com.ar\/web\/wp-json\/wp\/v2\/posts\/23306\/revisions\/23308"}],"wp:featuredmedia":[{"embeddable":true,"href":"https:\/\/www.almargenweb.com.ar\/web\/wp-json\/wp\/v2\/media\/23307"}],"wp:attachment":[{"href":"https:\/\/www.almargenweb.com.ar\/web\/wp-json\/wp\/v2\/media?parent=23306"}],"wp:term":[{"taxonomy":"category","embeddable":true,"href":"https:\/\/www.almargenweb.com.ar\/web\/wp-json\/wp\/v2\/categories?post=23306"},{"taxonomy":"post_tag","embeddable":true,"href":"https:\/\/www.almargenweb.com.ar\/web\/wp-json\/wp\/v2\/tags?post=23306"}],"curies":[{"name":"wp","href":"https:\/\/api.w.org\/{rel}","templated":true}]}}