{"id":22896,"date":"2017-04-04T12:28:57","date_gmt":"2017-04-04T15:28:57","guid":{"rendered":"http:\/\/www.almargenweb.com.ar\/web\/?p=22896"},"modified":"2017-04-04T12:28:57","modified_gmt":"2017-04-04T15:28:57","slug":"el-gobierno-provincial-realizara-obras-en-dos-escuelas-de-esperanza","status":"publish","type":"post","link":"https:\/\/www.almargenweb.com.ar\/web\/el-gobierno-provincial-realizara-obras-en-dos-escuelas-de-esperanza\/","title":{"rendered":"El Gobierno provincial realizar\u00e1 obras en dos escuelas de Esperanza"},"content":{"rendered":"<p>Este martes, la ministra Balagu\u00e9 firmar\u00e1 los contratos para ejecutar mejoras en la escuela T\u00e9cnico Profesional N\u00ba 644 y en el jard\u00edn de infantes N\u00ba 98 con una inversi\u00f3n superior a 17 millones de pesos<!--more--><\/p>\n<p>La ministra de Educaci\u00f3n, Claudia Balagu\u00e9, firmar\u00e1 este martes dos contratos para la ejecuci\u00f3n de obras en la escuela T\u00e9cnico Profesional N\u00ba 644 \u201cGregoria Matorras\u201d, y el jard\u00edn de infantes N\u00ba 98 \u201cDr. Esteban Maradona\u201d, ambas instituciones de la ciudad de Esperanza, departamento Las Colonias. La inversi\u00f3n total supera los 17 millones de pesos.<\/p>\n<p>El acto se realizar\u00e1, a las 17:15, en la sede de la Escuela T\u00e9cnico Profesional N \u00ba 644 \u201cGregoria Matorras\u201d, emplazada en G\u00fcemes 2249.<\/p>\n<p>OBRAS<\/p>\n<p>La r\u00fabrica del primer contrato, correspondiente a la ampliaci\u00f3n en el jard\u00edn de Infantes N\u00ba 98 \u201cDr. Esteban Maradona\u201d, se realizar\u00e1 con la empresa Obras de Arquitectura e Ingenier\u00eda de Miguel Dutto. El monto de inversi\u00f3n es de $ 3.915.000 y el plazo de ejecuci\u00f3n es de 240 d\u00edas corridos, estipulado para la construcci\u00f3n de dos aulas con sanitarios y galer\u00eda. El establecimiento tiene ocho secciones a las que asisten 200 ni\u00f1os.<\/p>\n<p>El segundo contrato se firmar\u00e1 con la empresa Murga y Hanne Constructora S.R.L., por $ 13.940.376,06 y con un plazo de obra de 540 d\u00edas corridos. Los trabajos consisten en la construcci\u00f3n de dep\u00f3sito de talleres y taller semicubierto, cantina, club de alumnos, dep\u00f3sito, tapial, escalera, ascensor, patio para sector a\u00falico en planta baja y en planta alta, y sanitarios. Tambi\u00e9n, se har\u00e1n trabajos de reformas y refuncionalizaci\u00f3n en porter\u00eda, gabinetes de inform\u00e1tica, ingreso, sanitarios, reemplazo de aberturas, galer\u00eda de talleres y reubicaci\u00f3n del m\u00e1stil. La intervenci\u00f3n integral del edificio beneficiar\u00e1 a 830 alumnos, docentes, asistentes escolares, y directivos.(Fuente; El Cronista Las Colonias)<\/p>\n<p>&nbsp;<\/p>\n<p>&nbsp;<\/p>\n<p>&nbsp;<\/p>\n<p>&nbsp;<\/p>\n<p>&nbsp;<\/p>\n<p>&nbsp;<\/p>\n<p>&nbsp;<\/p>\n<p>&nbsp;<\/p>\n<p>&nbsp;<\/p>\n<!-- AddThis Advanced Settings generic via filter on the_content --><!-- AddThis Share Buttons generic via filter on the_content -->","protected":false},"excerpt":{"rendered":"<p>Este martes, la ministra Balagu\u00e9 firmar\u00e1 los contratos para ejecutar mejoras en la escuela T\u00e9cnico Profesional [&hellip;]<!-- AddThis Advanced Settings generic via filter on get_the_excerpt --><!-- AddThis Share Buttons generic via filter on get_the_excerpt --><\/p>\n","protected":false},"author":11,"featured_media":22897,"comment_status":"open","ping_status":"open","sticky":false,"template":"","format":"standard","meta":{"_seopress_robots_primary_cat":"","_seopress_titles_title":"","_seopress_titles_desc":"","_seopress_robots_index":"","_themeisle_gutenberg_block_has_review":false,"footnotes":""},"categories":[24],"tags":[],"class_list":["post-22896","post","type-post","status-publish","format-standard","has-post-thumbnail","hentry","category-obras-publicas"],"_links":{"self":[{"href":"https:\/\/www.almargenweb.com.ar\/web\/wp-json\/wp\/v2\/posts\/22896","targetHints":{"allow":["GET"]}}],"collection":[{"href":"https:\/\/www.almargenweb.com.ar\/web\/wp-json\/wp\/v2\/posts"}],"about":[{"href":"https:\/\/www.almargenweb.com.ar\/web\/wp-json\/wp\/v2\/types\/post"}],"author":[{"embeddable":true,"href":"https:\/\/www.almargenweb.com.ar\/web\/wp-json\/wp\/v2\/users\/11"}],"replies":[{"embeddable":true,"href":"https:\/\/www.almargenweb.com.ar\/web\/wp-json\/wp\/v2\/comments?post=22896"}],"version-history":[{"count":2,"href":"https:\/\/www.almargenweb.com.ar\/web\/wp-json\/wp\/v2\/posts\/22896\/revisions"}],"predecessor-version":[{"id":22899,"href":"https:\/\/www.almargenweb.com.ar\/web\/wp-json\/wp\/v2\/posts\/22896\/revisions\/22899"}],"wp:featuredmedia":[{"embeddable":true,"href":"https:\/\/www.almargenweb.com.ar\/web\/wp-json\/wp\/v2\/media\/22897"}],"wp:attachment":[{"href":"https:\/\/www.almargenweb.com.ar\/web\/wp-json\/wp\/v2\/media?parent=22896"}],"wp:term":[{"taxonomy":"category","embeddable":true,"href":"https:\/\/www.almargenweb.com.ar\/web\/wp-json\/wp\/v2\/categories?post=22896"},{"taxonomy":"post_tag","embeddable":true,"href":"https:\/\/www.almargenweb.com.ar\/web\/wp-json\/wp\/v2\/tags?post=22896"}],"curies":[{"name":"wp","href":"https:\/\/api.w.org\/{rel}","templated":true}]}}